{"id":168984,"date":"2022-10-03T12:44:00","date_gmt":"2022-10-03T10:44:00","guid":{"rendered":"https:\/\/www.tucomarca.com\/wordpress\/segunda\/?p=168984"},"modified":"2022-10-03T16:45:15","modified_gmt":"2022-10-03T14:45:15","slug":"el-prya-denuncia-que-la-zona-del-recinte-firal-de-requena-encara-esta-sense-netejar","status":"publish","type":"post","link":"https:\/\/www.tucomarca.com\/wordpress\/segunda\/ca\/el-prya-denuncia-que-la-zona-del-recinte-firal-de-requena-encara-esta-sense-netejar\/","title":{"rendered":"El PRyA den\u00fancia que la zona del recinte firal de Requena &#8220;encara est\u00e0 sense netejar&#8221;"},"content":{"rendered":"\n<p>El Partit de Requena i Llogarets denuncia que &#8220;un mes despr\u00e9s d&#8217;acabar la Festa de la Verema, el govern socialista de Mario S\u00e1nchez encara no ha netejat la zona del Recinte Firal&#8221;.<\/p>\n\n\n\n<p>&#8220;Des del PRyA no podem entendre com un mes despr\u00e9s de finalitzar les festes a Requena, la zona del Recinte Firal continua plena de fem&#8221;, segons el PRyA.<\/p>\n\n\n\n<p>&#8220;Qualsevol ciutad\u00e0 que vaja a aquesta zona podr\u00e0 veure pl\u00e0stics, gots, botelles, vidres, cartons i fem en general que encara romanen a l&#8217;esplanada on es van muntar les carpes, sense que des del govern socialista de Mario S\u00e1nchez s&#8217;haja procedit a netejar aquest entorn&#8221;.\u00a0<\/p>\n\n\n\n<p>&#8220;Aquesta \u00e9s una mostra m\u00e9s d&#8217;un govern esgotat i en les \u00faltimes com \u00e9s el de PSOE i Podem a Requena, la inactivitat i la par\u00e0lisi del qual estan patint els requenenses&#8221;.\u00a0<\/p>\n\n\n\n<p>&#8220;S\u00f3n els ve\u00efns de Requena els que estan patint les conseq\u00fc\u00e8ncies de la falta d&#8217;organitzaci\u00f3 i previsi\u00f3 en la neteja per part del govern socialista de Mario S\u00e1nchez&#8221;.<\/p>\n\n\n\n<p>&#8220;Mentre l&#8217;alcalde Mario S\u00e1nchez continua fent gala de tindre super\u00e0vit a costa de no donar els serveis p\u00fablics que necessita Requena, el nostre municipi ofereix una imatge de brut\u00edcia intolerable que no es mereixen els nostres ve\u00efns, \u00e9s per aix\u00f2 que des del PRyA no pararem ni un minut a l&#8217;hora d&#8217;exigir als socialistes que complisquen amb la seua obligaci\u00f3 i proporcionen una neteja adequada als nostres carrers&#8221;.\u00a0<\/p>\n\n\n\n<p>Despr\u00e9s d&#8217;un mes de la finalitzaci\u00f3 de la Festa de la Verema, des del PRyA sol\u00b7licitem, una vegada m\u00e9s, la neteja de la zona del Recinte Firal al govern socialista de Mario S\u00e1nchez&#8221;, finalizan des del PRyA.\u00a0<\/p>\n","protected":false},"excerpt":{"rendered":"<div class=\"mh-excerpt\">El Partit de Requena i Llogarets denuncia que &#8220;un mes despr\u00e9s d&#8217;acabar la Festa de la Verema, el govern socialista de Mario S\u00e1nchez encara no ha netejat la zona del Recinte Firal&#8221;. &#8220;Des del PRyA <a class=\"mh-excerpt-more\" href=\"https:\/\/www.tucomarca.com\/wordpress\/segunda\/ca\/el-prya-denuncia-que-la-zona-del-recinte-firal-de-requena-encara-esta-sense-netejar\/\" title=\"El PRyA den\u00fancia que la zona del recinte firal de Requena &#8220;encara est\u00e0 sense netejar&#8221;\">[+] <\/a><\/div>\n","protected":false},"author":12,"featured_media":168983,"comment_status":"open","ping_status":"open","sticky":false,"template":"","format":"standard","meta":{"footnotes":""},"categories":[10948,10894,10947,10908,10909,10896],"tags":[12796,11099,10910],"class_list":{"0":"post-168984","1":"post","2":"type-post","3":"status-publish","4":"format-standard","5":"has-post-thumbnail","7":"category-infraestructuras-ca","8":"category-la-comarca-ca","9":"category-politica","10":"category-requena-ca","11":"category-requena-utiel-ca","12":"category-seccion-ca","13":"tag-prya-ca","14":"tag-requena-ca","15":"tag-requena-utiel-ca"},"_links":{"self":[{"href":"https:\/\/www.tucomarca.com\/wordpress\/segunda\/ca\/wp-json\/wp\/v2\/posts\/168984","targetHints":{"allow":["GET"]}}],"collection":[{"href":"https:\/\/www.tucomarca.com\/wordpress\/segunda\/ca\/wp-json\/wp\/v2\/posts"}],"about":[{"href":"https:\/\/www.tucomarca.com\/wordpress\/segunda\/ca\/wp-json\/wp\/v2\/types\/post"}],"author":[{"embeddable":true,"href":"https:\/\/www.tucomarca.com\/wordpress\/segunda\/ca\/wp-json\/wp\/v2\/users\/12"}],"replies":[{"embeddable":true,"href":"https:\/\/www.tucomarca.com\/wordpress\/segunda\/ca\/wp-json\/wp\/v2\/comments?post=168984"}],"version-history":[{"count":0,"href":"https:\/\/www.tucomarca.com\/wordpress\/segunda\/ca\/wp-json\/wp\/v2\/posts\/168984\/revisions"}],"wp:featuredmedia":[{"embeddable":true,"href":"https:\/\/www.tucomarca.com\/wordpress\/segunda\/ca\/wp-json\/wp\/v2\/media\/168983"}],"wp:attachment":[{"href":"https:\/\/www.tucomarca.com\/wordpress\/segunda\/ca\/wp-json\/wp\/v2\/media?parent=168984"}],"wp:term":[{"taxonomy":"category","embeddable":true,"href":"https:\/\/www.tucomarca.com\/wordpress\/segunda\/ca\/wp-json\/wp\/v2\/categories?post=168984"},{"taxonomy":"post_tag","embeddable":true,"href":"https:\/\/www.tucomarca.com\/wordpress\/segunda\/ca\/wp-json\/wp\/v2\/tags?post=168984"}],"curies":[{"name":"wp","href":"https:\/\/api.w.org\/{rel}","templated":true}]}}