{"id":169190,"date":"2022-10-04T15:05:00","date_gmt":"2022-10-04T13:05:00","guid":{"rendered":"https:\/\/www.tucomarca.com\/wordpress\/segunda\/?p=169190"},"modified":"2022-10-04T21:36:58","modified_gmt":"2022-10-04T19:36:58","slug":"el-poliesportiu-de-sant-lluis-de-bunyol-recupera-el-torneig-de-futbol-sala-del-9-doctubre","status":"publish","type":"post","link":"https:\/\/www.tucomarca.com\/wordpress\/segunda\/ca\/el-poliesportiu-de-sant-lluis-de-bunyol-recupera-el-torneig-de-futbol-sala-del-9-doctubre\/","title":{"rendered":"El Poliesportiu de Sant Llu\u00eds de Bunyol recupera el Torneig de Futbol Sala del 9 d&#8217;Octubre"},"content":{"rendered":"\n<h4 class=\"wp-block-heading\">Fins a aquest dijous tots els interessats a participar en el Torneig de Futbol Sala 9 d&#8217;Octubre de Bunyol poden inscriure&#8217;s. Hi haur\u00e0 trofeus i paella gegant per a finalitzar la jornada matutina i festiva en el Poliesportiu de Sant Llu\u00eds.\u00a0<\/h4>\n\n\n\n<p>Diumenge que ve, 9 d&#8217;octubre, Dia de la Comunitat Valenciana, es recupera el Torneig de Futbol Sala a Bunyol, que va arrancar la seua primera edici\u00f3 en 2014 i que en l&#8217;anterior legislatura va continuar, per\u00f2 en aquesta, amb motiu de la pand\u00e8mia no s&#8217;havia repr\u00e9s<br>Manuel Sierra, regidor d&#8217;Esports de l&#8217;Ajuntament de Bunyol, s&#8217;ha mostrat molt satisfet de tornar a recuperar aquest torneig en un enclavament privilegiat, reformat i de qualitat com \u00e9s el Poliesportiu de Sant Llu\u00eds, i que tan sols s&#8217;utilitza a l&#8217;estiu amb el Torneig de Futbol Sala d&#8217;estiu.<br>L&#8217;edil d&#8217;Esports recorda que tots els equips interessats a participar han d&#8217;enviar un mail a alcaldia@bunyol.es i donar el nom i tel\u00e8fon del responsable de l&#8217;equip i la categoria en la qual s&#8217;inscriure&#8217;s (lliures mascul\u00ed, lliures femen\u00ed, 13-15 anys, 10-12 anys o 7-9 anys).\u00a0<br>L&#8217;endem\u00e0, aquest divendres, es posaran en contacte amb els n\u00fameros responsables de cada equip per a informar-los dels horaris de joc. Arrancar\u00e0 la competici\u00f3 a les 9h i al migdia es procedir\u00e0 al lliurament de trofeus i a la paella gegant per a tots els assistents. La inscripci\u00f3 \u00e9s gratu\u00efta.<br>\u201cEsperem que continue apuntant-se molts esportistes i que junts puguem festejar el nostre dia, el de la Comunitat Valenciana, junts, fent esport i a la vesprada, en un acte m\u00e9s solemne. Pretenem aix\u00ed que aquest dia continua celebrant-se en la nostra localitat perqu\u00e8 l&#8217;amor que tenim per la nostra terra a Bunyol \u00e9s molt forta i per aix\u00f2 tots hem de recordar-lo i festejar-lo\u201d, va finalitzar Sierra.<\/p>\n","protected":false},"excerpt":{"rendered":"<div class=\"mh-excerpt\">Fins a aquest dijous tots els interessats a participar en el Torneig de Futbol Sala 9 d&#8217;Octubre de Bunyol poden inscriure&#8217;s. Hi haur\u00e0 trofeus i paella gegant per a finalitzar la jornada matutina i festiva <a class=\"mh-excerpt-more\" href=\"https:\/\/www.tucomarca.com\/wordpress\/segunda\/ca\/el-poliesportiu-de-sant-lluis-de-bunyol-recupera-el-torneig-de-futbol-sala-del-9-doctubre\/\" title=\"El Poliesportiu de Sant Llu\u00eds de Bunyol recupera el Torneig de Futbol Sala del 9 d&#8217;Octubre\">[+] <\/a><\/div>\n","protected":false},"author":12,"featured_media":105074,"comment_status":"open","ping_status":"open","sticky":false,"template":"","format":"standard","meta":{"footnotes":""},"categories":[11019,10911,11003,11012,10894,10912,11009,10896],"tags":[10913,10914,17961],"class_list":{"0":"post-169190","1":"post","2":"type-post","3":"status-publish","4":"format-standard","5":"has-post-thumbnail","7":"category-agenda-ca","8":"category-bunol-ca","9":"category-sports","10":"category-futbol-sala-ca","11":"category-la-comarca-ca","12":"category-la-hoya-ca","13":"category-polideportivo-ca","14":"category-seccion-ca","15":"tag-bunol-ca","16":"tag-la-hoya-de-bunol-chiva-ca","17":"tag-torneo-futbol-sala-ca"},"_links":{"self":[{"href":"https:\/\/www.tucomarca.com\/wordpress\/segunda\/ca\/wp-json\/wp\/v2\/posts\/169190","targetHints":{"allow":["GET"]}}],"collection":[{"href":"https:\/\/www.tucomarca.com\/wordpress\/segunda\/ca\/wp-json\/wp\/v2\/posts"}],"about":[{"href":"https:\/\/www.tucomarca.com\/wordpress\/segunda\/ca\/wp-json\/wp\/v2\/types\/post"}],"author":[{"embeddable":true,"href":"https:\/\/www.tucomarca.com\/wordpress\/segunda\/ca\/wp-json\/wp\/v2\/users\/12"}],"replies":[{"embeddable":true,"href":"https:\/\/www.tucomarca.com\/wordpress\/segunda\/ca\/wp-json\/wp\/v2\/comments?post=169190"}],"version-history":[{"count":0,"href":"https:\/\/www.tucomarca.com\/wordpress\/segunda\/ca\/wp-json\/wp\/v2\/posts\/169190\/revisions"}],"wp:featuredmedia":[{"embeddable":true,"href":"https:\/\/www.tucomarca.com\/wordpress\/segunda\/ca\/wp-json\/wp\/v2\/media\/105074"}],"wp:attachment":[{"href":"https:\/\/www.tucomarca.com\/wordpress\/segunda\/ca\/wp-json\/wp\/v2\/media?parent=169190"}],"wp:term":[{"taxonomy":"category","embeddable":true,"href":"https:\/\/www.tucomarca.com\/wordpress\/segunda\/ca\/wp-json\/wp\/v2\/categories?post=169190"},{"taxonomy":"post_tag","embeddable":true,"href":"https:\/\/www.tucomarca.com\/wordpress\/segunda\/ca\/wp-json\/wp\/v2\/tags?post=169190"}],"curies":[{"name":"wp","href":"https:\/\/api.w.org\/{rel}","templated":true}]}}