{"id":169203,"date":"2022-10-04T15:01:00","date_gmt":"2022-10-04T13:01:00","guid":{"rendered":"https:\/\/www.tucomarca.com\/wordpress\/segunda\/?p=169203"},"modified":"2022-10-04T21:41:02","modified_gmt":"2022-10-04T19:41:02","slug":"la-regidoria-dhisenda-i-contractacio-de-bunyol-informa-de-la-resolucio-sobre-els-treballs-en-les-obres-del-carrer-moratin","status":"publish","type":"post","link":"https:\/\/www.tucomarca.com\/wordpress\/segunda\/ca\/la-regidoria-dhisenda-i-contractacio-de-bunyol-informa-de-la-resolucio-sobre-els-treballs-en-les-obres-del-carrer-moratin\/","title":{"rendered":"La regidoria d&#8217;Hisenda i Contractaci\u00f3 de Bunyol informa de la resoluci\u00f3 sobre els treballs en les obres del carrer Morat\u00edn"},"content":{"rendered":"\n<p>El regidor delegat d&#8217;Hisenda i Contractaci\u00f3, Manuel Sierra Tamarit, informa de la resoluci\u00f3 de la seua regidoria que:<\/p>\n\n\n\n<p>Vist l&#8217;informe de data 29 de setembre de 2022 em\u00e9s pel Sr. Arquitecte t\u00e8cnic que copiat literalment consta:<br><em>\u201cA la vista dels informes aportats per l&#8217;Assist\u00e8ncia T\u00e8cnica i l&#8217;Empresa Contractista de les Obres d&#8217;emerg\u00e8ncia en carrer Morat\u00edn, i de conformitat amb el meu anterior informe, queda plenament justificat que les actuacions necess\u00e0ries en l&#8217;edificaci\u00f3 i mur de Alpujarra tamb\u00e9 han de ser considerades dins de les actuacions d&#8217;emerg\u00e8ncia decretades.<\/em><\/p>\n\n\n\n<p><em>En conclusi\u00f3, segons el parer d&#8217;aquest T\u00e8cnic, per motius de seguretat p\u00fablica i necessitat ineludible dels treballs de les Obres d&#8217;emerg\u00e8ncia en carrer Morat\u00edn, i sent imprescindible per a impedir majors prejudicis, procedeix:&nbsp;<\/em><\/p>\n\n\n\n<p><em>Declarar emparats en el decret d&#8217;obres d&#8217;emerg\u00e8ncia en carrer Morat\u00edn els treballs de demolici\u00f3 immediata de l&#8217;edificaci\u00f3 formada pels immobles carrer Alpujarra 20 amb RC 0158850XJ9605N0001EB de titularitat municipal i carrer Apujarra, 22 amb RC 0158851XJ9605N0001SB de titularitat particular, derivats de la situaci\u00f3 de ru\u00efna imminent<\/em>.<\/p>\n\n\n\n<p>Declarar emparats en el decret d&#8217;obres d&#8217;emerg\u00e8ncia en carrer Morat\u00edn els treballs imprescindibles necessaris, d&#8217;emerg\u00e8ncia, en el mur de sosteniment del carrer Alpujarra respecte al carrer Lope de Vega, per a la seua consolidaci\u00f3 amb les degudes condicions de seguretat de tots dos carrers.\u201d<\/p>\n","protected":false},"excerpt":{"rendered":"<div class=\"mh-excerpt\">El regidor delegat d&#8217;Hisenda i Contractaci\u00f3, Manuel Sierra Tamarit, informa de la resoluci\u00f3 de la seua regidoria que: Vist l&#8217;informe de data 29 de setembre de 2022 em\u00e9s pel Sr. Arquitecte t\u00e8cnic que copiat literalment <a class=\"mh-excerpt-more\" href=\"https:\/\/www.tucomarca.com\/wordpress\/segunda\/ca\/la-regidoria-dhisenda-i-contractacio-de-bunyol-informa-de-la-resolucio-sobre-els-treballs-en-les-obres-del-carrer-moratin\/\" title=\"La regidoria d&#8217;Hisenda i Contractaci\u00f3 de Bunyol informa de la resoluci\u00f3 sobre els treballs en les obres del carrer Morat\u00edn\">[+] <\/a><\/div>\n","protected":false},"author":12,"featured_media":167885,"comment_status":"open","ping_status":"open","sticky":false,"template":"","format":"standard","meta":{"footnotes":""},"categories":[10911,10948,10894,10912,10947,10896],"tags":[10913,17746,10914,17965],"class_list":{"0":"post-169203","1":"post","2":"type-post","3":"status-publish","4":"format-standard","5":"has-post-thumbnail","7":"category-bunol-ca","8":"category-infraestructuras-ca","9":"category-la-comarca-ca","10":"category-la-hoya-ca","11":"category-politica","12":"category-seccion-ca","13":"tag-bunol-ca","14":"tag-derrumbe-calle-moratin-ca","15":"tag-la-hoya-de-bunol-chiva-ca","16":"tag-obras-calle-moratin-2-ca"},"_links":{"self":[{"href":"https:\/\/www.tucomarca.com\/wordpress\/segunda\/ca\/wp-json\/wp\/v2\/posts\/169203","targetHints":{"allow":["GET"]}}],"collection":[{"href":"https:\/\/www.tucomarca.com\/wordpress\/segunda\/ca\/wp-json\/wp\/v2\/posts"}],"about":[{"href":"https:\/\/www.tucomarca.com\/wordpress\/segunda\/ca\/wp-json\/wp\/v2\/types\/post"}],"author":[{"embeddable":true,"href":"https:\/\/www.tucomarca.com\/wordpress\/segunda\/ca\/wp-json\/wp\/v2\/users\/12"}],"replies":[{"embeddable":true,"href":"https:\/\/www.tucomarca.com\/wordpress\/segunda\/ca\/wp-json\/wp\/v2\/comments?post=169203"}],"version-history":[{"count":0,"href":"https:\/\/www.tucomarca.com\/wordpress\/segunda\/ca\/wp-json\/wp\/v2\/posts\/169203\/revisions"}],"wp:featuredmedia":[{"embeddable":true,"href":"https:\/\/www.tucomarca.com\/wordpress\/segunda\/ca\/wp-json\/wp\/v2\/media\/167885"}],"wp:attachment":[{"href":"https:\/\/www.tucomarca.com\/wordpress\/segunda\/ca\/wp-json\/wp\/v2\/media?parent=169203"}],"wp:term":[{"taxonomy":"category","embeddable":true,"href":"https:\/\/www.tucomarca.com\/wordpress\/segunda\/ca\/wp-json\/wp\/v2\/categories?post=169203"},{"taxonomy":"post_tag","embeddable":true,"href":"https:\/\/www.tucomarca.com\/wordpress\/segunda\/ca\/wp-json\/wp\/v2\/tags?post=169203"}],"curies":[{"name":"wp","href":"https:\/\/api.w.org\/{rel}","templated":true}]}}