{"id":169296,"date":"2022-10-05T10:20:00","date_gmt":"2022-10-05T08:20:00","guid":{"rendered":"https:\/\/www.tucomarca.com\/wordpress\/segunda\/?p=169296"},"modified":"2022-10-05T21:51:18","modified_gmt":"2022-10-05T19:51:18","slug":"quatre-municipis-de-la-ribera-alta-sense-tradicio-fallera-plantaran-monuments-amb-lajuda-de-la-diputacio","status":"publish","type":"post","link":"https:\/\/www.tucomarca.com\/wordpress\/segunda\/ca\/quatre-municipis-de-la-ribera-alta-sense-tradicio-fallera-plantaran-monuments-amb-lajuda-de-la-diputacio\/","title":{"rendered":"Quatre municipis de la Ribera Alta sense tradici\u00f3 fallera plantaran monuments amb l&#8217;ajuda de la Diputaci\u00f3"},"content":{"rendered":"\n<h4 class=\"wp-block-heading\">El Gremi d&#8217;Artistes Fallers torna a destinar els 300.000 euros d&#8217;ajuda concedits per la corporaci\u00f3 provincial a acostar la festa de les Falles a localitats valencianes sense arrelament faller<\/h4>\n\n\n\n<h4 class=\"wp-block-heading\">Alc\u00e0ntera de X\u00faquer, Sant Joanet, Tous i Gavarda gaudiran per primera vegada de la plant\u00e0<\/h4>\n\n\n\n<p>La Diputaci\u00f3 de Val\u00e8ncia i el Gremi d&#8217;Artistes Fallers tornen a dur a terme la iniciativa de plantar monuments en municipis de la prov\u00edncia en els quals no existix tradici\u00f3 fallera. A la Ribera Alta seran quatre localitats les que, durant el mes d&#8217;octubre, gaudiran per primera vegada de la plant\u00e1. D&#8217;esta manera, es dona continu\u00eftat a un projecte que es va iniciar l&#8217;any passat amb dos objectius principals: d&#8217;una banda, continuar contribuint a la reactivaci\u00f3 dels tallers fallers dos anys despr\u00e9s de l&#8217;inici de la pand\u00e8mia, i per una altra, acostar la cultura i festa de les Falles a localitats valencianes que no han viscut mai el que \u00e9s una plant\u00e0.<\/p>\n\n\n\n<p>Els monuments de Sant Joanet i Gavarda s&#8217;estan plantant durant esta setmana amb motiu de la festivitat del 9 d\u2019Octubre. De fet, la falla de Juanjo Salom a Gavarda ja es pot contemplar. Les d\u2019Alc\u00e1ntera de X\u00faquer i Tous es plantaran dilluns que ve 10 d&#8217;octubre.<\/p>\n\n\n\n<p>Les falles han sigut creades per artistes fallers entre els quals es poden apreciar diferents estils. \u201cCal destacar que dels artistes que han participat enguany es troben noms amb una llarga traject\u00f2ria en el sector i al mateix temps joves amb gran projecci\u00f3. A m\u00e9s tamb\u00e9 han participat nombrosos col\u00b7laboradors, per la qual cosa l&#8217;ajuda de la Diputaci\u00f3 ha arribat a m\u00e9s persones\u201d, assenyala el mestre major del Gremi, Paco Pellicer.<\/p>\n\n\n\n<p>Per a desenvolupar l\u2019activitat, el Gremi d&#8217;Artistes Fallers ha rebut una ajuda de 300.000 euros de la Diputaci\u00f3 de Val\u00e8ncia. Esta subvenci\u00f3 s&#8217;emmarca dins dels 1,3 milions d&#8217;euros que la corporaci\u00f3 ha concedit en 2022 als sectors tradicionals afectats per la pand\u00e8mia per a dinamitzar la seua activitat, entre els quals es troben artistes, comissions, pirot\u00e8cnics, floristes i indumentaristes.<\/p>\n\n\n\n<p><\/p>\n","protected":false},"excerpt":{"rendered":"<div class=\"mh-excerpt\">El Gremi d&#8217;Artistes Fallers torna a destinar els 300.000 euros d&#8217;ajuda concedits per la corporaci\u00f3 provincial a acostar la festa de les Falles a localitats valencianes sense arrelament faller Alc\u00e0ntera de X\u00faquer, Sant Joanet, Tous <a class=\"mh-excerpt-more\" href=\"https:\/\/www.tucomarca.com\/wordpress\/segunda\/ca\/quatre-municipis-de-la-ribera-alta-sense-tradicio-fallera-plantaran-monuments-amb-lajuda-de-la-diputacio\/\" title=\"Quatre municipis de la Ribera Alta sense tradici\u00f3 fallera plantaran monuments amb l&#8217;ajuda de la Diputaci\u00f3\">[+] <\/a><\/div>\n","protected":false},"author":12,"featured_media":169295,"comment_status":"open","ping_status":"open","sticky":false,"template":"","format":"standard","meta":{"footnotes":""},"categories":[10981,10898,10993,10894,10902,11007,10896,11048],"tags":[11246,11499,11356],"class_list":{"0":"post-169296","1":"post","2":"type-post","3":"status-publish","4":"format-standard","5":"has-post-thumbnail","7":"category-alcantera-de-xuquer-ca","8":"category-ventana-ca","9":"category-gavarda-ca","10":"category-la-comarca-ca","11":"category-la-ribera-ca","12":"category-ocio-y-cultura-ca","13":"category-seccion-ca","14":"category-tous-ca","15":"tag-diputacio-de-valencia-ca","16":"tag-fallas-ca","17":"tag-ribera-alta-ca"},"_links":{"self":[{"href":"https:\/\/www.tucomarca.com\/wordpress\/segunda\/ca\/wp-json\/wp\/v2\/posts\/169296","targetHints":{"allow":["GET"]}}],"collection":[{"href":"https:\/\/www.tucomarca.com\/wordpress\/segunda\/ca\/wp-json\/wp\/v2\/posts"}],"about":[{"href":"https:\/\/www.tucomarca.com\/wordpress\/segunda\/ca\/wp-json\/wp\/v2\/types\/post"}],"author":[{"embeddable":true,"href":"https:\/\/www.tucomarca.com\/wordpress\/segunda\/ca\/wp-json\/wp\/v2\/users\/12"}],"replies":[{"embeddable":true,"href":"https:\/\/www.tucomarca.com\/wordpress\/segunda\/ca\/wp-json\/wp\/v2\/comments?post=169296"}],"version-history":[{"count":0,"href":"https:\/\/www.tucomarca.com\/wordpress\/segunda\/ca\/wp-json\/wp\/v2\/posts\/169296\/revisions"}],"wp:featuredmedia":[{"embeddable":true,"href":"https:\/\/www.tucomarca.com\/wordpress\/segunda\/ca\/wp-json\/wp\/v2\/media\/169295"}],"wp:attachment":[{"href":"https:\/\/www.tucomarca.com\/wordpress\/segunda\/ca\/wp-json\/wp\/v2\/media?parent=169296"}],"wp:term":[{"taxonomy":"category","embeddable":true,"href":"https:\/\/www.tucomarca.com\/wordpress\/segunda\/ca\/wp-json\/wp\/v2\/categories?post=169296"},{"taxonomy":"post_tag","embeddable":true,"href":"https:\/\/www.tucomarca.com\/wordpress\/segunda\/ca\/wp-json\/wp\/v2\/tags?post=169296"}],"curies":[{"name":"wp","href":"https:\/\/api.w.org\/{rel}","templated":true}]}}