{"id":169308,"date":"2022-10-05T10:55:00","date_gmt":"2022-10-05T08:55:00","guid":{"rendered":"https:\/\/www.tucomarca.com\/wordpress\/segunda\/?p=169308"},"modified":"2022-10-05T21:44:44","modified_gmt":"2022-10-05T19:44:44","slug":"el-consorci-de-bombers-de-valencia-fa-front-a-un-dels-estius-mes-complicats-dels-ultims-temps-amb-les-intervencions-a-la-vall-de-la-gallinera-i-begis","status":"publish","type":"post","link":"https:\/\/www.tucomarca.com\/wordpress\/segunda\/ca\/el-consorci-de-bombers-de-valencia-fa-front-a-un-dels-estius-mes-complicats-dels-ultims-temps-amb-les-intervencions-a-la-vall-de-la-gallinera-i-begis\/","title":{"rendered":"El Consorci de Bombers de Val\u00e8ncia fa front a un dels estius m\u00e9s complicats dels \u00faltims temps amb les intervencions a la Vall de la Gallinera i Beg\u00eds"},"content":{"rendered":"\n<h4 class=\"wp-block-heading\">La presidenta del Consorci, Maria Josep Amig\u00f3, explica que el Consorci de Val\u00e8ncia ha fet front aquest estiu a un total de 60 dies en Alerta 3, 2.493 intervencions en incendis de vegetaci\u00f3 al llarg de l\u2019any en les comarques valencianes i ha prestat suport als incendis de les comarques d\u2019Alacant i Castell\u00f3, la qual cosa ha motivat la necessitat de disposar d&#8217;un refor\u00e7 d&#8217;unitats per poder atendre aquestes circumst\u00e0ncies provocades pel canvi clim\u00e0tic<\/h4>\n\n\n\n<p>Durant el 2022, i fins al 12 de setembre, el Consorci ha actuat en un total de 2.493 intervencions en incendis de vegetaci\u00f3 en les comarques valencianes, dels quals un 5% han estat incendis que afectaven massa forestal. La major part d&#8217;ells s&#8217;hi han concentrat en el per\u00edode de l&#8217;1 de juny fins a principis de setembre.<\/p>\n\n\n\n<p>Quant al nombre d&#8217;incendis, s&#8217;est\u00e0 en la mitja dels altres anys, per\u00f2 s&#8217;espera que el n\u00famero d&#8217;hect\u00e0rees cremades afectades a la prov\u00edncia siga molt superior que en el mateix per\u00edode de 2021, multiplicant \u00e0mpliament els d\u2019anys passats.<\/p>\n\n\n\n<p>I \u00e9s que segons ha destacat l&#8217;inspector en cap del Consorci, Jos\u00e9 Miguel Basset, enguany el per\u00edode de major risc d&#8217;incendis forestals ha estat &#8220;extraordin\u00e0riament marcat per una climatologia extrema on les onades de calor successives i les altes temperatures han estat presents durant tot aquest per\u00edode&#8221;. Les conseq\u00fc\u00e8ncies hi han estat molt visibles, amb &#8220;incendis amb un comportament extrem des de l&#8217;inici i, en general, fora de capacitat d\u2019extinci\u00f3&#8221;.<\/p>\n\n\n\n<p>Tot i que a la prov\u00edncia de Val\u00e8ncia les pluges de la primavera feren que la primera onada de calor de l&#8217;estiu no fos massa impactant, a mesura que se succe\u00efen les onades de calor, es va perdre la renda h\u00eddrica de l&#8217;estrat vegetal i &#8220;es va manifestar en la mateixa tipologia d&#8217;incendi que a la resta de territoris, com a exemple m\u00e9s clar l&#8217;incendi declarat en juliol a la localitat de Venta del Moro on es cremaren un total de 1.400 ha. Evitant que s\u2019extenguera fins al m\u00e0xim potencial de crema que eren aproximadament 15.000 ha&#8221;, ha assenyalat Basset.<\/p>\n\n\n\n<p>Pel que fa a la resta del territori on tamb\u00e9 es va veure amena\u00e7ada la prov\u00edncia de Val\u00e8ncia, s&#8217;han patit dos incendis destacables en el mes d&#8217;agost . El primer a la Vall d&#8217;Ebo, en la prov\u00edncia d&#8217;Alacant, amb 12.000 ha cremades, molt pr\u00f2xim a la localitat de Villalonga i a urbanitzacions molt densament poblades com ara la Llacuna, i on es va veure compromesa la serra de la Vall de la Gallinera. Una situaci\u00f3 que va motivar el suport dels efectius del Consorci de Val\u00e8ncia entre les poblacions de Pego i Margarida, que comprenia tot el flanc nord de l\u2019incendi, evitant el seu pas a les comarques de la Safor i la Vall d\u2019Albaida, amb mitjans de bombers, brigades forestals, helic\u00f2pter i personal t\u00e8cnic de direcci\u00f3 del Consorci. Tamb\u00e9 al mes d&#8217;agost, i pr\u00e0cticament de manera simult\u00e0nia, els bombers del Consorci van haver d&#8217;intervenir a l&#8217;incendi de Beg\u00eds, a la prov\u00edncia de Castell\u00f3. Es van cremar unes 19.000 ha., de les quals unes 1.300 ha. foren en comarques de Val\u00e8ncia, en concret en la Serrania, afectant els municipis d&#8217;Andilla i Alcubles. De nou el Consorci de Val\u00e8ncia va estar treballant amb un ampli ventall de recursos humans i t\u00e8cnics en l&#8217;extinci\u00f3 i fins i tot assumint la direcci\u00f3 conjunta del mateix des del lloc de comandament, frenant la progressi\u00f3 de l&#8217;incendi i evitant que els danys a les comarques de Val\u00e8ncia foren encara majors.<\/p>\n\n\n\n<p>Enfront d&#8217;este tipus de situacions, el Consorci de Val\u00e8ncia ha actuat sempre amb un ampli dispositiu d&#8217;extinci\u00f3. Per\u00f2 a m\u00e9s, el Consorci ha fet front a un total de 60 dies en Alerta 3, la qual cosa ha motivat la necessitat de disposar d&#8217;un refor\u00e7 d&#8217;unitats per poder atendre aquesta circumst\u00e0ncia provocada per la meteorologia. Segons ha explicat la presidenta del Consorci, Maria Josep Amig\u00f3, &#8220;enguany hem tingut una campanya extraordin\u00e0ria, i aix\u00f2 ha obligat a una resposta tamb\u00e9 extraordin\u00e0ria, preveient tots els recursos necessaris per a actuar all\u00e0 on fora necessari arreu del territori&#8221;. En este sentit, en cada Alerta 3, s&#8217;hi han incrementat en un 30% les dotacions de bombers, a m\u00e9s dels parcs de bombers voluntaris i de la sala del Centre de Comunicacions i Control, i s&#8217;hi han establert totes les brigades forestals en disposici\u00f3 de vigil\u00e0ncia preventiva.<\/p>\n\n\n\n<p>&#8220;Ha sigut un estiu molt dur, per\u00f2 el conjunt d&#8217;efectius del Consorci de Val\u00e8ncia han res-post una vegada m\u00e9s amb gran professionalitat a este gran repte, amb una climatologia extraordin\u00e0ria que ens ha fet enfrontar-nos a un gran nombre d&#8217;incendis molt complicats&#8221;, ha destacat Amig\u00f3.<\/p>\n\n\n\n<p><\/p>\n","protected":false},"excerpt":{"rendered":"<div class=\"mh-excerpt\">La presidenta del Consorci, Maria Josep Amig\u00f3, explica que el Consorci de Val\u00e8ncia ha fet front aquest estiu a un total de 60 dies en Alerta 3, 2.493 intervencions en incendis de vegetaci\u00f3 al llarg <a class=\"mh-excerpt-more\" href=\"https:\/\/www.tucomarca.com\/wordpress\/segunda\/ca\/el-consorci-de-bombers-de-valencia-fa-front-a-un-dels-estius-mes-complicats-dels-ultims-temps-amb-les-intervencions-a-la-vall-de-la-gallinera-i-begis\/\" title=\"El Consorci de Bombers de Val\u00e8ncia fa front a un dels estius m\u00e9s complicats dels \u00faltims temps amb les intervencions a la Vall de la Gallinera i Beg\u00eds\">[+] <\/a><\/div>\n","protected":false},"author":12,"featured_media":169307,"comment_status":"open","ping_status":"open","sticky":false,"template":"","format":"standard","meta":{"footnotes":""},"categories":[11045,11044,11043,11046,10898,10894,10903,10909,10896,10897,11060],"tags":[13613,11246,17660],"class_list":{"0":"post-169308","1":"post","2":"type-post","3":"status-publish","4":"format-standard","5":"has-post-thumbnail","7":"category-alcublas-ca","8":"category-alpuente-ca","9":"category-andilla-ca","10":"category-los-serranos-ca","11":"category-ventana-ca","12":"category-la-comarca-ca","13":"category-medio-ambiente-la-comarca-ca","14":"category-requena-utiel-ca","15":"category-seccion-ca","16":"category-sucesos-la-comarca-ca","17":"category-venta-del-moro-ca","18":"tag-consorcio-de-bomberos-ca","19":"tag-diputacio-de-valencia-ca","20":"tag-incendios-ca"},"_links":{"self":[{"href":"https:\/\/www.tucomarca.com\/wordpress\/segunda\/ca\/wp-json\/wp\/v2\/posts\/169308","targetHints":{"allow":["GET"]}}],"collection":[{"href":"https:\/\/www.tucomarca.com\/wordpress\/segunda\/ca\/wp-json\/wp\/v2\/posts"}],"about":[{"href":"https:\/\/www.tucomarca.com\/wordpress\/segunda\/ca\/wp-json\/wp\/v2\/types\/post"}],"author":[{"embeddable":true,"href":"https:\/\/www.tucomarca.com\/wordpress\/segunda\/ca\/wp-json\/wp\/v2\/users\/12"}],"replies":[{"embeddable":true,"href":"https:\/\/www.tucomarca.com\/wordpress\/segunda\/ca\/wp-json\/wp\/v2\/comments?post=169308"}],"version-history":[{"count":0,"href":"https:\/\/www.tucomarca.com\/wordpress\/segunda\/ca\/wp-json\/wp\/v2\/posts\/169308\/revisions"}],"wp:featuredmedia":[{"embeddable":true,"href":"https:\/\/www.tucomarca.com\/wordpress\/segunda\/ca\/wp-json\/wp\/v2\/media\/169307"}],"wp:attachment":[{"href":"https:\/\/www.tucomarca.com\/wordpress\/segunda\/ca\/wp-json\/wp\/v2\/media?parent=169308"}],"wp:term":[{"taxonomy":"category","embeddable":true,"href":"https:\/\/www.tucomarca.com\/wordpress\/segunda\/ca\/wp-json\/wp\/v2\/categories?post=169308"},{"taxonomy":"post_tag","embeddable":true,"href":"https:\/\/www.tucomarca.com\/wordpress\/segunda\/ca\/wp-json\/wp\/v2\/tags?post=169308"}],"curies":[{"name":"wp","href":"https:\/\/api.w.org\/{rel}","templated":true}]}}