{"id":169314,"date":"2022-10-05T11:00:00","date_gmt":"2022-10-05T09:00:00","guid":{"rendered":"https:\/\/www.tucomarca.com\/wordpress\/segunda\/?p=169314"},"modified":"2022-10-05T21:39:07","modified_gmt":"2022-10-05T19:39:07","slug":"la-generalitat-financara-el-50-del-transport-urba-gratuit-dels-menors-de-30-anys-a-aquells-ajuntaments-que-se-sumen-a-aquesta-mesura-contra-la-inflacio","status":"publish","type":"post","link":"https:\/\/www.tucomarca.com\/wordpress\/segunda\/ca\/la-generalitat-financara-el-50-del-transport-urba-gratuit-dels-menors-de-30-anys-a-aquells-ajuntaments-que-se-sumen-a-aquesta-mesura-contra-la-inflacio\/","title":{"rendered":"La Generalitat finan\u00e7ar\u00e0 el 50% del transport urb\u00e0 gratu\u00eft dels menors de 30 anys a aquells ajuntaments que se sumen a aquesta mesura contra la inflaci\u00f3"},"content":{"rendered":"\n<h4 class=\"wp-block-heading\">La gratu\u00eftat estar\u00e0 en vigor entre el 9 d&#8217;octubre i el 31 de desembre, i se suma a la del transport p\u00fablic auton\u00f2mic&nbsp;<\/h4>\n\n\n\n<h4 class=\"wp-block-heading\">El Consell ha sigut pioner a fomentar mesures d&#8217;estalvi en el transport p\u00fablic que contribueixen a alleujar l&#8217;economia familiar i a descarbonizar les ciutats<\/h4>\n\n\n\n<h4 class=\"wp-block-heading\">El conjunt de mesures d&#8217;estalvi del Consell converteixen a la Comunitat Valenciana en l&#8217;autonomia amb el transport p\u00fablic m\u00e9s econ\u00f2mic d&#8217;Espanya<\/h4>\n\n\n\n<h4 class=\"wp-block-heading\">El president de la Generalitat ha anunciat aquesta iniciativa despr\u00e9s de reunir-se amb la consellera de Pol\u00edtica Territorial, Obres P\u00fabliques i Mobilitat<\/h4>\n\n\n\n<p>El president de la Generalitat, Ximo Puig, ha anunciat que la Generalitat finan\u00e7ar\u00e0 el 50% del transport urb\u00e0 gratu\u00eft dels menors de 30 anys a aquells ajuntaments que se sumen a aquesta mesura de lluita contra la inflaci\u00f3.<\/p>\n\n\n\n<p>Aix\u00ed ho ha manifestat despr\u00e9s de mantindre una reuni\u00f3 amb la consellera de Pol\u00edtica Territorial, Obres P\u00fabliques i Mobilitat, Rebeca Torr\u00f3, per a abordar la proposta que ser\u00e0 traslladada a tots els ajuntaments de la Comunitat Valenciana.<\/p>\n\n\n\n<p>El cap del Consell ha explicat que la mesura estar\u00e0 en vigor entre el 9 d&#8217;octubre i el 31 de desembre, i \u00e0mplia la gratu\u00eftat del transport p\u00fablic auton\u00f2mic per als menors de 30 anys que va anunciar durant el debat de pol\u00edtica general.<\/p>\n\n\n\n<p>D&#8217;aquesta manera, totes les persones menors de 30 anys podran beneficiar-se de la gratu\u00eftat en el transport p\u00fablic de la Comunitat Valenciana.<\/p>\n\n\n\n<p>A m\u00e9s, aquesta iniciativa de la Generalitat conviur\u00e0 amb el 30% de descompte addicional en el transport p\u00fablic de la Generalitat, de la qual es beneficia tota la poblaci\u00f3 valenciana, i que tamb\u00e9 estar\u00e0 vigent fins al 31 de desembre.<\/p>\n\n\n\n<p>Cal destacar que el Govern valenci\u00e0 ha sigut pioner a fomentar mesures d&#8217;estalvi en el transport p\u00fablic que contribueixen tant a alleujar l&#8217;economia familiar com a descarbonizar les ciutats, i que situen la Comunitat Valenciana com l&#8217;autonomia amb el transport p\u00fablic m\u00e9s econ\u00f2mic d&#8217;Espanya.<\/p>\n\n\n\n<p><\/p>\n","protected":false},"excerpt":{"rendered":"<div class=\"mh-excerpt\">La gratu\u00eftat estar\u00e0 en vigor entre el 9 d&#8217;octubre i el 31 de desembre, i se suma a la del transport p\u00fablic auton\u00f2mic&nbsp; El Consell ha sigut pioner a fomentar mesures d&#8217;estalvi en el transport <a class=\"mh-excerpt-more\" href=\"https:\/\/www.tucomarca.com\/wordpress\/segunda\/ca\/la-generalitat-financara-el-50-del-transport-urba-gratuit-dels-menors-de-30-anys-a-aquells-ajuntaments-que-se-sumen-a-aquesta-mesura-contra-la-inflacio\/\" title=\"La Generalitat finan\u00e7ar\u00e0 el 50% del transport urb\u00e0 gratu\u00eft dels menors de 30 anys a aquells ajuntaments que se sumen a aquesta mesura contra la inflaci\u00f3\">[+] <\/a><\/div>\n","protected":false},"author":12,"featured_media":169313,"comment_status":"open","ping_status":"open","sticky":false,"template":"","format":"standard","meta":{"footnotes":""},"categories":[10898,10948,10894,10904,10947,10896],"tags":[11498,17981],"class_list":{"0":"post-169314","1":"post","2":"type-post","3":"status-publish","4":"format-standard","5":"has-post-thumbnail","7":"category-ventana-ca","8":"category-infraestructuras-ca","9":"category-la-comarca-ca","10":"category-sin-categorizar-ca","11":"category-politica","12":"category-seccion-ca","13":"tag-generalitat-valenciana-ca","14":"tag-transporte-urbano-gratuito-ca"},"_links":{"self":[{"href":"https:\/\/www.tucomarca.com\/wordpress\/segunda\/ca\/wp-json\/wp\/v2\/posts\/169314","targetHints":{"allow":["GET"]}}],"collection":[{"href":"https:\/\/www.tucomarca.com\/wordpress\/segunda\/ca\/wp-json\/wp\/v2\/posts"}],"about":[{"href":"https:\/\/www.tucomarca.com\/wordpress\/segunda\/ca\/wp-json\/wp\/v2\/types\/post"}],"author":[{"embeddable":true,"href":"https:\/\/www.tucomarca.com\/wordpress\/segunda\/ca\/wp-json\/wp\/v2\/users\/12"}],"replies":[{"embeddable":true,"href":"https:\/\/www.tucomarca.com\/wordpress\/segunda\/ca\/wp-json\/wp\/v2\/comments?post=169314"}],"version-history":[{"count":0,"href":"https:\/\/www.tucomarca.com\/wordpress\/segunda\/ca\/wp-json\/wp\/v2\/posts\/169314\/revisions"}],"wp:featuredmedia":[{"embeddable":true,"href":"https:\/\/www.tucomarca.com\/wordpress\/segunda\/ca\/wp-json\/wp\/v2\/media\/169313"}],"wp:attachment":[{"href":"https:\/\/www.tucomarca.com\/wordpress\/segunda\/ca\/wp-json\/wp\/v2\/media?parent=169314"}],"wp:term":[{"taxonomy":"category","embeddable":true,"href":"https:\/\/www.tucomarca.com\/wordpress\/segunda\/ca\/wp-json\/wp\/v2\/categories?post=169314"},{"taxonomy":"post_tag","embeddable":true,"href":"https:\/\/www.tucomarca.com\/wordpress\/segunda\/ca\/wp-json\/wp\/v2\/tags?post=169314"}],"curies":[{"name":"wp","href":"https:\/\/api.w.org\/{rel}","templated":true}]}}