{"id":169656,"date":"2022-10-13T09:00:00","date_gmt":"2022-10-13T07:00:00","guid":{"rendered":"https:\/\/www.tucomarca.com\/wordpress\/segunda\/?p=169656"},"modified":"2022-10-13T10:41:40","modified_gmt":"2022-10-13T08:41:40","slug":"la-volta-a-espanya-tornara-en-2023-a-les-carreteres-de-la-provincia-amb-una-etapa-entre-requena-i-cullera","status":"publish","type":"post","link":"https:\/\/www.tucomarca.com\/wordpress\/segunda\/ca\/la-volta-a-espanya-tornara-en-2023-a-les-carreteres-de-la-provincia-amb-una-etapa-entre-requena-i-cullera\/","title":{"rendered":"La Volta a Espanya tornar\u00e0 en 2023 a les carreteres de la prov\u00edncia\u00a0amb una etapa entre Requena i Cullera"},"content":{"rendered":"\n<h3 class=\"wp-block-heading\"><strong><strong>El president de la Diputaci\u00f3, Toni Gaspar, s&#8217;ha reunit este dimarts amb el director de la ronda ciclista, Javier Guill\u00e9n, per a reprendre una col\u00b7laboraci\u00f3 que ja es va produir en cinc de les \u00faltimes huit edicions<\/strong><\/strong><\/h3>\n\n\n\n<p>La Vuelta a Espa\u00f1a tornar\u00e0 a rec\u00f3rrer en 2023 carreteres valencianes amb una etapa prevista per a l&#8217;1 de setembre i que podria travessar diferents comarques de la prov\u00edncia. Aix\u00ed ho han acordat este dimarts el president de la Diputaci\u00f3, Toni Gaspar, i el director de la ronda ciclista, Javier Guill\u00e9n, en una reuni\u00f3 en la qual tamb\u00e9 ha participat el responsable provincial d&#8217;Esports, Andr\u00e9s Campos.<\/p>\n\n\n\n<p>D&#8217;esta manera, i despr\u00e9s del par\u00e8ntesi de l&#8217;edici\u00f3 d\u2019enguany, on la carrera no va passar per la prov\u00edncia, es recupera una col\u00b7laboraci\u00f3 que s&#8217;ha produ\u00eft en cinc de les \u00faltimes huit edicions de La Vuelta, l&#8217;\u00faltima d&#8217;elles en 2021 amb l&#8217;etapa del 19 d&#8217;agost entre Requena i Cullera i la jornada seg\u00fcent amb eixida des de Gandia amb destinaci\u00f3 Alacant.<\/p>\n\n\n\n<p>En paraules del president Gaspar, \u201crecuperem un esdeveniment que ha demostrat \u00e0mpliament la seua rendibilitat per als nostres pobles, tant des del punt de vista del retorn econ\u00f2mic que genera la carrera com en el potencial tur\u00edstic que t\u00e9 en convertir-se en aparador internacional de les diferents localitats que travessa\u201d.<\/p>\n\n\n\n<p>Per part seua, el director de La Vuelta, Javier Guill\u00e9n, ha expressat la seua satisfacci\u00f3 per \u201ctornar a una prov\u00edncia que sempre ens tracta molt b\u00e9 i que \u00e9s terra de ciclisme, amb un gran nombre d&#8217;aficionats i unes carreteres que faciliten el treball de l&#8217;organitzaci\u00f3\u201d. Si b\u00e9 encara no \u00e9s oficial el recorregut de l&#8217;edici\u00f3 de 2023, que arrancar\u00e0 el 26 d&#8217;agost amb una crono per equips a Barcelona, \u201csegur que tindrem una etapa en terres valencianes molt interessant a nivell esportiu i molt atractiva per als milions d&#8217;espectadors que seguixen La Vuelta a tot el m\u00f3n\u201d, ha afegit el responsable d\u2019Unipublic.<\/p>\n\n\n\n<p><strong>Huit etapes des de 2015<\/strong><\/p>\n\n\n\n<p>En La Vuelta a Espa\u00f1a 2015, l&#8217;etapa amb eixida a Val\u00e8ncia i meta a Castell\u00f3 de la Plana va posar fi a uns anys de distanciament de la prov\u00edncia amb la ronda ciclista. A partir d&#8217;eixe moment, es va produir un punt d&#8217;inflexi\u00f3 i la carrera ha rodat per carreteres valencianes en cinc de les seues \u00faltimes huit edicions.<\/p>\n\n\n\n<p>A m\u00e9s de l&#8217;eixida des de la capital en 2015, La Vuelta va tornar un any despr\u00e9s amb l&#8217;etapa entre Requena i Gandia. En 2017, la col\u00b7laboraci\u00f3 de la Diputaci\u00f3 va permetre que el recorregut incloguera una arribada en el Port de Sagunt i una eixida des de Ll\u00edria.<\/p>\n\n\n\n<p>Des d&#8217;eixe moment, la participaci\u00f3 de la instituci\u00f3 provincial en l&#8217;esdeveniment organitzat per Unipublic s&#8217;ha vingut donant en anys alterns. En 2018 el tra\u00e7at de la carrera no va arribar a les comarques valencianes, per\u00f2 un any despr\u00e9s, en 2019, es va viure una emocionant etapa amb eixida a Cullera i final en el Monestir de Santa Mar\u00eda del Puig, i una eixida des de L&#8217;Eliana amb destinaci\u00f3 Javalambre. En 2020 no va haver-hi etapes a la prov\u00edncia, i l&#8217;any passat es van registrar les ja citades eixides des de Requena i Gandia i el final d&#8217;etapa al Castell de Cullera.<\/p>\n","protected":false},"excerpt":{"rendered":"<div class=\"mh-excerpt\">El president de la Diputaci\u00f3, Toni Gaspar, s&#8217;ha reunit este dimarts amb el director de la ronda ciclista, Javier Guill\u00e9n, per a reprendre una col\u00b7laboraci\u00f3 que ja es va produir en cinc de les \u00faltimes <a class=\"mh-excerpt-more\" href=\"https:\/\/www.tucomarca.com\/wordpress\/segunda\/ca\/la-volta-a-espanya-tornara-en-2023-a-les-carreteres-de-la-provincia-amb-una-etapa-entre-requena-i-cullera\/\" title=\"La Volta a Espanya tornar\u00e0 en 2023 a les carreteres de la prov\u00edncia\u00a0amb una etapa entre Requena i Cullera\">[+] <\/a><\/div>\n","protected":false},"author":1,"featured_media":169653,"comment_status":"open","ping_status":"open","sticky":false,"template":"","format":"standard","meta":{"footnotes":""},"categories":[11019,11013,11003,10898,10948,10894,10904,10908,10909,10896],"tags":[11074,11264,11099,10910,13857],"class_list":{"0":"post-169656","1":"post","2":"type-post","3":"status-publish","4":"format-standard","5":"has-post-thumbnail","7":"category-agenda-ca","8":"category-ciclismo-ca","9":"category-sports","10":"category-ventana-ca","11":"category-infraestructuras-ca","12":"category-la-comarca-ca","13":"category-sin-categorizar-ca","14":"category-requena-ca","15":"category-requena-utiel-ca","16":"category-seccion-ca","17":"tag-deportes-ca","18":"tag-esports-ca","19":"tag-requena-ca","20":"tag-requena-utiel-ca","21":"tag-vuelta-ciclista-ca"},"_links":{"self":[{"href":"https:\/\/www.tucomarca.com\/wordpress\/segunda\/ca\/wp-json\/wp\/v2\/posts\/169656","targetHints":{"allow":["GET"]}}],"collection":[{"href":"https:\/\/www.tucomarca.com\/wordpress\/segunda\/ca\/wp-json\/wp\/v2\/posts"}],"about":[{"href":"https:\/\/www.tucomarca.com\/wordpress\/segunda\/ca\/wp-json\/wp\/v2\/types\/post"}],"author":[{"embeddable":true,"href":"https:\/\/www.tucomarca.com\/wordpress\/segunda\/ca\/wp-json\/wp\/v2\/users\/1"}],"replies":[{"embeddable":true,"href":"https:\/\/www.tucomarca.com\/wordpress\/segunda\/ca\/wp-json\/wp\/v2\/comments?post=169656"}],"version-history":[{"count":0,"href":"https:\/\/www.tucomarca.com\/wordpress\/segunda\/ca\/wp-json\/wp\/v2\/posts\/169656\/revisions"}],"wp:featuredmedia":[{"embeddable":true,"href":"https:\/\/www.tucomarca.com\/wordpress\/segunda\/ca\/wp-json\/wp\/v2\/media\/169653"}],"wp:attachment":[{"href":"https:\/\/www.tucomarca.com\/wordpress\/segunda\/ca\/wp-json\/wp\/v2\/media?parent=169656"}],"wp:term":[{"taxonomy":"category","embeddable":true,"href":"https:\/\/www.tucomarca.com\/wordpress\/segunda\/ca\/wp-json\/wp\/v2\/categories?post=169656"},{"taxonomy":"post_tag","embeddable":true,"href":"https:\/\/www.tucomarca.com\/wordpress\/segunda\/ca\/wp-json\/wp\/v2\/tags?post=169656"}],"curies":[{"name":"wp","href":"https:\/\/api.w.org\/{rel}","templated":true}]}}