{"id":169820,"date":"2022-10-14T09:00:00","date_gmt":"2022-10-14T07:00:00","guid":{"rendered":"https:\/\/www.tucomarca.com\/wordpress\/segunda\/?p=169820"},"modified":"2022-10-14T23:01:18","modified_gmt":"2022-10-14T21:01:18","slug":"el-prya-denuncia-falta-de-manteniment-i-neteja-en-el-poligon-del-romeral","status":"publish","type":"post","link":"https:\/\/www.tucomarca.com\/wordpress\/segunda\/ca\/el-prya-denuncia-falta-de-manteniment-i-neteja-en-el-poligon-del-romeral\/","title":{"rendered":"El PRyA den\u00fancia &#8220;falta de manteniment i neteja en el pol\u00edgon del Romeral&#8221;"},"content":{"rendered":"\n<p>El partit de Requena i Llogarets comunica per nota de premsa que &#8220;Des del PRyA hem de denunciar, una vegada m\u00e9s, la falta de neteja i manteniment en el Pol\u00edgon Industrial del Romeral&#8221;.<\/p>\n\n\n\n<p>&#8220;Tan sols fa falta fer un volt pels carrers d&#8217;aquesta zona industrial per a veure la deixadesa per part del govern local, la qual es repeteix per tot el municipi.\u00a0Lamentablement, podem veure brut\u00edcia, fem, males herbes i un llarg etc. que ens fa preguntar-nos en el PRyA qu\u00e8 est\u00e0 fent el PSOE amb els impostos que recapta als propietaris d&#8217;empreses del Pol\u00edgon Industrial del Romeral&#8221;.\u00a0<\/p>\n\n\n\n<p>&#8220;Esment a part mereixen les zones verdes, o, m\u00e9s aviat dit, les que haurien de ser-ho, ja que estan desateses totalment, plenes de males herbes i sense cuidar. Aquesta deixadesa que confereix un aspecte tan vergony\u00f3s prov\u00e9 d&#8217;un govern que no es preocupa de les seues infraestructures&#8221;.\u00a0<\/p>\n\n\n\n<p>&#8220;Lamentablement, les restes de podes d&#8217;anys anteriors romanen tirats en el s\u00f2l, provocant un greu risc d&#8217;incendi. A m\u00e9s, nombroses quantitats d&#8217;enderrocs, mobles i estris es poden veure amuntegats per la zona industrial al llarg de m\u00faltiples carrers i parcel\u00b7les&#8221;.<\/p>\n\n\n\n<p>&#8220;Tal vegada el govern socialista hauria d&#8217;organitzar visites guiades a la poblaci\u00f3 en el Pol\u00edgon del Romeral, igual que fa en el Cinema Astoria, perqu\u00e8 veren el desastre ocasionat per la deixadesa i el mal govern&#8221;.\u00a0<\/p>\n\n\n\n<p>Des del PRyA\u00a0 exigen &#8220;al govern del PSOE que procedisca a fer les labors de neteja i manteniment necess\u00e0ries en el Pol\u00edgon Industrial del Romeral per a eliminar tota la brut\u00edcia acumulada pel mal govern local&#8221;.\u00a0<\/p>\n","protected":false},"excerpt":{"rendered":"<div class=\"mh-excerpt\">El partit de Requena i Llogarets comunica per nota de premsa que &#8220;Des del PRyA hem de denunciar, una vegada m\u00e9s, la falta de neteja i manteniment en el Pol\u00edgon Industrial del Romeral&#8221;. &#8220;Tan sols <a class=\"mh-excerpt-more\" href=\"https:\/\/www.tucomarca.com\/wordpress\/segunda\/ca\/el-prya-denuncia-falta-de-manteniment-i-neteja-en-el-poligon-del-romeral\/\" title=\"El PRyA den\u00fancia &#8220;falta de manteniment i neteja en el pol\u00edgon del Romeral&#8221;\">[+] <\/a><\/div>\n","protected":false},"author":12,"featured_media":169824,"comment_status":"open","ping_status":"open","sticky":false,"template":"","format":"standard","meta":{"footnotes":""},"categories":[10948,10894,10947,10908,10909,10896],"tags":[12796,11099,10910],"class_list":{"0":"post-169820","1":"post","2":"type-post","3":"status-publish","4":"format-standard","5":"has-post-thumbnail","7":"category-infraestructuras-ca","8":"category-la-comarca-ca","9":"category-politica","10":"category-requena-ca","11":"category-requena-utiel-ca","12":"category-seccion-ca","13":"tag-prya-ca","14":"tag-requena-ca","15":"tag-requena-utiel-ca"},"_links":{"self":[{"href":"https:\/\/www.tucomarca.com\/wordpress\/segunda\/ca\/wp-json\/wp\/v2\/posts\/169820","targetHints":{"allow":["GET"]}}],"collection":[{"href":"https:\/\/www.tucomarca.com\/wordpress\/segunda\/ca\/wp-json\/wp\/v2\/posts"}],"about":[{"href":"https:\/\/www.tucomarca.com\/wordpress\/segunda\/ca\/wp-json\/wp\/v2\/types\/post"}],"author":[{"embeddable":true,"href":"https:\/\/www.tucomarca.com\/wordpress\/segunda\/ca\/wp-json\/wp\/v2\/users\/12"}],"replies":[{"embeddable":true,"href":"https:\/\/www.tucomarca.com\/wordpress\/segunda\/ca\/wp-json\/wp\/v2\/comments?post=169820"}],"version-history":[{"count":0,"href":"https:\/\/www.tucomarca.com\/wordpress\/segunda\/ca\/wp-json\/wp\/v2\/posts\/169820\/revisions"}],"wp:featuredmedia":[{"embeddable":true,"href":"https:\/\/www.tucomarca.com\/wordpress\/segunda\/ca\/wp-json\/wp\/v2\/media\/169824"}],"wp:attachment":[{"href":"https:\/\/www.tucomarca.com\/wordpress\/segunda\/ca\/wp-json\/wp\/v2\/media?parent=169820"}],"wp:term":[{"taxonomy":"category","embeddable":true,"href":"https:\/\/www.tucomarca.com\/wordpress\/segunda\/ca\/wp-json\/wp\/v2\/categories?post=169820"},{"taxonomy":"post_tag","embeddable":true,"href":"https:\/\/www.tucomarca.com\/wordpress\/segunda\/ca\/wp-json\/wp\/v2\/tags?post=169820"}],"curies":[{"name":"wp","href":"https:\/\/api.w.org\/{rel}","templated":true}]}}