{"id":169833,"date":"2022-10-14T10:00:00","date_gmt":"2022-10-14T08:00:00","guid":{"rendered":"https:\/\/www.tucomarca.com\/wordpress\/segunda\/?p=169833"},"modified":"2022-10-14T22:39:33","modified_gmt":"2022-10-14T20:39:33","slug":"el-pp-exigeix-la-reforma-urgent-de-la-carretera-cv-372-per-la-seua-perillositat-enfront-de-la-paralisi-dels-governs-municipals-i-la-diputacio","status":"publish","type":"post","link":"https:\/\/www.tucomarca.com\/wordpress\/segunda\/ca\/el-pp-exigeix-la-reforma-urgent-de-la-carretera-cv-372-per-la-seua-perillositat-enfront-de-la-paralisi-dels-governs-municipals-i-la-diputacio\/","title":{"rendered":"El PP exigeix la reforma urgent de la carretera CV-372 &#8220;per la seua perillositat enfront de la par\u00e0lisi dels governs municipals i la Diputaci\u00f3&#8221;"},"content":{"rendered":"\n<h4 class=\"wp-block-heading\">Moci\u00f3 conjunta del PP de la Pobla de Vallbona i Riba-roja \u201cper a veure si els alcaldes d&#8217;aquests municipis es donen una vegada per al\u00b7ludits i treballen alguna cosa per a demanar als seus companys de la Diputaci\u00f3 la realitzaci\u00f3 d&#8217;un projecte de la CV-372 i les millores urgents dels punts negres fins que s&#8217;execute\u201d<\/h4>\n\n\n\n<h4 class=\"wp-block-heading\">Mari Carmen Contelles recorda que \u201chi havia un projecte de l&#8217;anterior equip del PP en la Diputaci\u00f3\u201d per\u00f2 per \u201cl&#8217;oblit i el menfotisme del govern municipal i provincial actual, han passat m\u00e9s de set anys i aquest projecte ha caducat pel que cal fer un nou\u201d<\/h4>\n\n\n\n<h4 class=\"wp-block-heading\">Santiago Navarro indica que \u201cla CV-372 no sols \u00e9s una carretera que connecta la Pobla de Vallbona amb Riba-roja, sin\u00f3 que vertebra i dona connexi\u00f3 a tota la comarca del Camp de T\u00faria i uneix dos parcs com \u00e9s el parc fluvial del T\u00faria i el de la Serra Calderona\u201d<\/h4>\n\n\n\n<p>La portaveu del Partit Popular a l&#8217;Ajuntament de la Pobla de Vallbona, Mari Carmen Contelles, i el portaveu del PP en Riba-roja de T\u00faria, Santiago Navarro, han exigit als governs municipals de Josep Vicent Garcia i Tamarit i Robert Raga que \u201ces posen d&#8217;una vegada les piles\u201d i insten la Diputaci\u00f3 de Val\u00e8ncia a \u201cposar en marxa la reforma de la carretera CV-372 que connecta sa Pobla amb Riba-roja i \u00e9s un punt de perillositat i accidents\u201d.&nbsp;<br>Tots dos portaveus han assenyalat que el govern municipal de Comprom\u00eds i els seus socis a sa Pobla i el del PSOE en Riba-roja \u201cs\u00f3n incapaces de fer valdre el pes dels municipis davant la Diputaci\u00f3 que governen precisament PSOE i Comprom\u00eds, els mateixos partits, i fruit d&#8217;aquest oblit \u00e9s que tenim una de les principals connexions convertida en un focus d&#8217;accidents fins i tot mortals\u201d.&nbsp;<br>Els portaveus populars han anunciat que tant el PP de la Pobla de Vallbona com el de Riba-roja de T\u00faria han presentat una moci\u00f3 al pr\u00f2xim ple \u201cper a veure si els alcaldes d&#8217;aquests municipis es donen una vegada per al\u00b7ludits i treballen alguna cosa per a demanar als seus companys de la Diputaci\u00f3 la realitzaci\u00f3 d&#8217;un projecte de la CV-372 i les millores urgents dels punts negres fins que s&#8217;execute\u201d<br>Mari Carmen Contelles ha recordat que la CV-372 \u201c\u00e9s una reivindicaci\u00f3 hist\u00f2rica del PP que portem anys reclamant\u201d i que \u201chi havia un projecte de l&#8217;anterior equip del PP en la Diputaci\u00f3\u201d per\u00f2 per \u201cl&#8217;oblit i el menfotisme del govern municipal i provincial actual, han passat m\u00e9s de set anys i aquest projecte ha caducat, per la qual cosa \u00e9s necessari fer un nou\u201d.&nbsp;<br>\u201cLa CV-372 no sols \u00e9s una carretera que connecta la Pobla de Vallbona amb Riba-roja, sin\u00f3 que vertebra i dona connexi\u00f3 a tota la comarca del Camp de T\u00faria i uneix dos parcs com \u00e9s el parc fluvial del T\u00faria i el de la Serra Calderona. Amb la realitzaci\u00f3 d&#8217;aquesta carretera i el seu carril bici aconseguirem beneficiar a diversos municipis de la comarca, no sols a sa Pobla i Riba-roja\u201d, ha afegit Santiago Navarro.&nbsp;<br>No obstant aix\u00f2, els portaveus del PP han lamentat que hui dia \u201ci despr\u00e9s d&#8217;anys d&#8217;oblit dels governs municipals de Comprom\u00eds i PSOE i de la Diputaci\u00f3\u201d, la CV-372 s&#8217;ha cobrat la vida de diverses persones i cont\u00e9 elements de xoc molt perillosos, corbes perilloses i creus, aix\u00ed com entrades o eixides a zones residencials i agr\u00edcoles, inexist\u00e8ncia de voral, o zones pendents de desenvolupar urban\u00edsticament, \u201cla qual cosa fa imperi\u00f3s abordar d&#8217;una vegada la reforma d&#8217;aquesta carretera\u201d.&nbsp;<br>Mari Carmen Contelles ha reclamat per tant \u201cque l&#8217;alcalde Josep Vicent Garcia i Tamarit aix\u00ed com els partits que sustenten el govern de la Pobla de Vallbona se sumen a aquesta reivindicaci\u00f3 del PP i no amaguen el cap com els estru\u00e7os com si la cosa no fora amb ells. Que demostren que els importa m\u00e9s el municipi que les sigles del seu partit i anem plegats a reivindicar aquesta obra tan necess\u00e0ria a la Diputaci\u00f3\u201d.&nbsp;<br>En aquest mateix sentit s&#8217;ha pronunciat Santiago Navarro, reclamant que \u201cl&#8217;alcalde socialista Robert Raga vote a favor de la moci\u00f3 del PP i es plante davant els seus companys de la Diputaci\u00f3 per a exigir aquesta inversi\u00f3 tan necess\u00e0ria per al municipi sense m\u00e9s excuses, llevat que vulga recon\u00e9ixer que no \u00e9s capa\u00e7 de defensar els interessos de Riba-roja\u201d.<\/p>\n\n\n\n<p><\/p>\n","protected":false},"excerpt":{"rendered":"<div class=\"mh-excerpt\">Moci\u00f3 conjunta del PP de la Pobla de Vallbona i Riba-roja \u201cper a veure si els alcaldes d&#8217;aquests municipis es donen una vegada per al\u00b7ludits i treballen alguna cosa per a demanar als seus companys <a class=\"mh-excerpt-more\" href=\"https:\/\/www.tucomarca.com\/wordpress\/segunda\/ca\/el-pp-exigeix-la-reforma-urgent-de-la-carretera-cv-372-per-la-seua-perillositat-enfront-de-la-paralisi-dels-governs-municipals-i-la-diputacio\/\" title=\"El PP exigeix la reforma urgent de la carretera CV-372 &#8220;per la seua perillositat enfront de la par\u00e0lisi dels governs municipals i la Diputaci\u00f3&#8221;\">[+] <\/a><\/div>\n","protected":false},"author":12,"featured_media":169832,"comment_status":"open","ping_status":"open","sticky":false,"template":"","format":"standard","meta":{"footnotes":""},"categories":[10892,10948,10894,10915,10947,10906,10896],"tags":[10899,18029,10916,11274],"class_list":{"0":"post-169833","1":"post","2":"type-post","3":"status-publish","4":"format-standard","5":"has-post-thumbnail","7":"category-camp-de-turia-ca","8":"category-infraestructuras-ca","9":"category-la-comarca-ca","10":"category-la-pobla-ca","11":"category-politica","12":"category-riba-roja-ca","13":"category-seccion-ca","14":"tag-camp-de-turia-ca","15":"tag-cv-372-ca","16":"tag-la-pobla-de-vallbona-ca","17":"tag-pp-pobla-de-vallbona-ca"},"_links":{"self":[{"href":"https:\/\/www.tucomarca.com\/wordpress\/segunda\/ca\/wp-json\/wp\/v2\/posts\/169833","targetHints":{"allow":["GET"]}}],"collection":[{"href":"https:\/\/www.tucomarca.com\/wordpress\/segunda\/ca\/wp-json\/wp\/v2\/posts"}],"about":[{"href":"https:\/\/www.tucomarca.com\/wordpress\/segunda\/ca\/wp-json\/wp\/v2\/types\/post"}],"author":[{"embeddable":true,"href":"https:\/\/www.tucomarca.com\/wordpress\/segunda\/ca\/wp-json\/wp\/v2\/users\/12"}],"replies":[{"embeddable":true,"href":"https:\/\/www.tucomarca.com\/wordpress\/segunda\/ca\/wp-json\/wp\/v2\/comments?post=169833"}],"version-history":[{"count":0,"href":"https:\/\/www.tucomarca.com\/wordpress\/segunda\/ca\/wp-json\/wp\/v2\/posts\/169833\/revisions"}],"wp:featuredmedia":[{"embeddable":true,"href":"https:\/\/www.tucomarca.com\/wordpress\/segunda\/ca\/wp-json\/wp\/v2\/media\/169832"}],"wp:attachment":[{"href":"https:\/\/www.tucomarca.com\/wordpress\/segunda\/ca\/wp-json\/wp\/v2\/media?parent=169833"}],"wp:term":[{"taxonomy":"category","embeddable":true,"href":"https:\/\/www.tucomarca.com\/wordpress\/segunda\/ca\/wp-json\/wp\/v2\/categories?post=169833"},{"taxonomy":"post_tag","embeddable":true,"href":"https:\/\/www.tucomarca.com\/wordpress\/segunda\/ca\/wp-json\/wp\/v2\/tags?post=169833"}],"curies":[{"name":"wp","href":"https:\/\/api.w.org\/{rel}","templated":true}]}}