{"id":170301,"date":"2022-10-19T09:09:00","date_gmt":"2022-10-19T07:09:00","guid":{"rendered":"https:\/\/www.tucomarca.com\/wordpress\/segunda\/?p=170301"},"modified":"2022-10-19T14:12:51","modified_gmt":"2022-10-19T12:12:51","slug":"el-pp-de-sa-pobla-denuncia-la-marginacio-de-les-festes-del-rosari-i-la-catalanizacion-que-fa-lalcalde-el-9-doctubre-celebrant-la-diada-del-pais-valencia","status":"publish","type":"post","link":"https:\/\/www.tucomarca.com\/wordpress\/segunda\/ca\/el-pp-de-sa-pobla-denuncia-la-marginacio-de-les-festes-del-rosari-i-la-catalanizacion-que-fa-lalcalde-el-9-doctubre-celebrant-la-diada-del-pais-valencia\/","title":{"rendered":"El PP de la Pobla denuncia la \u201cmarginaci\u00f3\u201d de les festes del Rosari i la &#8220;catalanizaci\u00f3&#8221; que fa l&#8217;alcalde el 9 d\u2019Octubre celebrant \u201cla diada del \u2018Pa\u00eds Valenci\u00e0\u2019\u201d"},"content":{"rendered":"\n<h4 class=\"wp-block-heading\">Contelles assenyala que \u201cel l\u00f2gic seria que l&#8217;equip de govern destinara els dies 6 i 7 d&#8217;octubre a la celebraci\u00f3 del Rosari, patrona de la Pobla, i a partir del 8 es muntaren els actes i el mercat medieval del 9 d\u2019Octubre, per\u00f2 no obstant aix\u00f2 opten per confondre celebracions amb el conseg\u00fcent enuig dels poblanos\u201d<\/h4>\n\n\n\n<h4 class=\"wp-block-heading\">La portaveu popular explica que \u201cno hi havia ni una refer\u00e8ncia al Rosari en el preg\u00f3, es va deixar a la Reina de les Festes en segon pla i a sobre el regidor de festes es va posar puny enlaire com si estiguera en un m\u00edting en una evident falta de respecte\u201d<\/h4>\n\n\n\n<h4 class=\"wp-block-heading\">\u201cL&#8217;alcalde va rebatejar el 9 d\u2019Octubre com \u2018diada del pa\u00eds valenci\u00e0\u2019, traient a passejar la seua cara m\u00e9s sect\u00e0ria, llan\u00e7ant missatges catalanistes que no mostren el sentir dels poblanos\u201d subratlla Contelles.<\/h4>\n\n\n\n<p>La portaveu del Partit Popular a l&#8217;Ajuntament de la Pobla de Vallbona, Mari Carmen Contelles, ha fet balan\u00e7 de les festes patronals i del 9 d\u2019Octubre celebrades a la Pobla de Vallbona, denunciant que l&#8217;equip de govern de l&#8217;alcalde Josep Vicent Garcia i Tamarit de Comprom\u00eds amb PSOE, CONTINGENT i un ex edil d&#8217;Amb tu busca \u201cmarginar i invisibilitzar\u201d la celebraci\u00f3 del Rosari mentre a m\u00e9s \u201cllan\u00e7a missatges sectaris i catalanistes amb motiu del 9 d\u2019Octubre\u201d.&nbsp;<br>La portaveu del PP ha denunciat que el govern de sa Pobla \u201cusa el 9 d\u2019Octubre com a excusa per a tapar les festes patronals en honor a la Verge del Rosari, ignorant aquesta celebraci\u00f3 que sembla que els moleste, no sabem si pel seu car\u00e0cter religi\u00f3s, i mesclant totes dues celebracions per a ocultar les festes del Rosari\u201d<br>\u201cEl l\u00f2gic seria que l&#8217;equip de govern destinara els dies 6 i 7 d&#8217;octubre a la celebraci\u00f3 del Rosari, patrona de sa Pobla, i a partir del 8 es muntaren els actes i el mercat medieval del 9 d\u2019Octubre, per\u00f2 no obstant aix\u00f2 opten per confondre celebracions amb el conseg\u00fcent enuig dels poblanos, que per exemple va impedir celebrar la masclet\u00e0 o el castell del Rosari en la seua ubicaci\u00f3 tradicional en estar ja en marxa el mercat del 9 d\u2019Octubre\u201d, ha explicat Contelles.&nbsp;<br>\u201cA l&#8217;alcalde Josep Vicent Garcia i el seu equip els molesta tant la festa del Rosari que en el preg\u00f3 de la pr\u00f2pia festa no hi havia ni una sola refer\u00e8ncia a la Verge del Rosari, nom\u00e9s uns draps medievals, i no se li va donar ni protagonisme a la Reina de les Festes, i a sobre amb el regidor de Festes, de Comprom\u00eds, al\u00e7ant el puny com si estiguera en un m\u00edting del seu partit, en una evident falta de respecte\u201d, ha continuat la portaveu del PP, indicant \u201cel malestar dels poblanos perqu\u00e8 no es respecte la festa patronal, perqu\u00e8 el primer \u00e9s la tradici\u00f3 de la Pobla de Vallbona\u201d.&nbsp;<br>La portaveu popular aix\u00ed mateix ha indicat que \u201cla celebraci\u00f3 del 9 d\u2019Octubre va servir perqu\u00e8 Josep Vicent Garcia i Tamarit traguera a passejar la seua cara m\u00e9s sect\u00e0ria, felicitant els poblanos \u2018la Diada del Pa\u00eds Valenci\u00e0\u2019, com va rebatejar al Dia de la Comunitat Valenciana\u201d.&nbsp;<br>\u201cDes del PP de la Pobla de Vallbona exigim, primer, que a les festes del Rosari se&#8217;ls done la import\u00e0ncia que tenen, dedicant-los els dies corresponents, i segon, que en el 9 d\u2019Octubre es respecte els senyals d&#8217;identitat dels valencians, l&#8217;Estatut i la Constituci\u00f3, i no se&#8217;ns parle de pa\u00efsos ni diadas que no formen part del nostre sentir com a poble. Si l&#8217;alcalde i l&#8217;actual equip no s\u00f3n capa\u00e7os, l&#8217;any que ve ens comprometem al fet que aix\u00ed siga quan canvie l&#8217;Ajuntament\u201d, ha concl\u00f2s Mari Carmen Contelles.<\/p>\n\n\n\n<p><\/p>\n","protected":false},"excerpt":{"rendered":"<div class=\"mh-excerpt\">Contelles assenyala que \u201cel l\u00f2gic seria que l&#8217;equip de govern destinara els dies 6 i 7 d&#8217;octubre a la celebraci\u00f3 del Rosari, patrona de la Pobla, i a partir del 8 es muntaren els actes <a class=\"mh-excerpt-more\" href=\"https:\/\/www.tucomarca.com\/wordpress\/segunda\/ca\/el-pp-de-sa-pobla-denuncia-la-marginacio-de-les-festes-del-rosari-i-la-catalanizacion-que-fa-lalcalde-el-9-doctubre-celebrant-la-diada-del-pais-valencia\/\" title=\"El PP de la Pobla denuncia la \u201cmarginaci\u00f3\u201d de les festes del Rosari i la &#8220;catalanizaci\u00f3&#8221; que fa l&#8217;alcalde el 9 d\u2019Octubre celebrant \u201cla diada del \u2018Pa\u00eds Valenci\u00e0\u2019\u201d\">[+] <\/a><\/div>\n","protected":false},"author":12,"featured_media":170299,"comment_status":"open","ping_status":"open","sticky":false,"template":"","format":"standard","meta":{"footnotes":""},"categories":[10892,10894,10915,10947,10896],"tags":[10899,10949,11274],"class_list":{"0":"post-170301","1":"post","2":"type-post","3":"status-publish","4":"format-standard","5":"has-post-thumbnail","7":"category-camp-de-turia-ca","8":"category-la-comarca-ca","9":"category-la-pobla-ca","10":"category-politica","11":"category-seccion-ca","12":"tag-camp-de-turia-ca","13":"tag-la-pobla-ca","14":"tag-pp-pobla-de-vallbona-ca"},"_links":{"self":[{"href":"https:\/\/www.tucomarca.com\/wordpress\/segunda\/ca\/wp-json\/wp\/v2\/posts\/170301","targetHints":{"allow":["GET"]}}],"collection":[{"href":"https:\/\/www.tucomarca.com\/wordpress\/segunda\/ca\/wp-json\/wp\/v2\/posts"}],"about":[{"href":"https:\/\/www.tucomarca.com\/wordpress\/segunda\/ca\/wp-json\/wp\/v2\/types\/post"}],"author":[{"embeddable":true,"href":"https:\/\/www.tucomarca.com\/wordpress\/segunda\/ca\/wp-json\/wp\/v2\/users\/12"}],"replies":[{"embeddable":true,"href":"https:\/\/www.tucomarca.com\/wordpress\/segunda\/ca\/wp-json\/wp\/v2\/comments?post=170301"}],"version-history":[{"count":0,"href":"https:\/\/www.tucomarca.com\/wordpress\/segunda\/ca\/wp-json\/wp\/v2\/posts\/170301\/revisions"}],"wp:featuredmedia":[{"embeddable":true,"href":"https:\/\/www.tucomarca.com\/wordpress\/segunda\/ca\/wp-json\/wp\/v2\/media\/170299"}],"wp:attachment":[{"href":"https:\/\/www.tucomarca.com\/wordpress\/segunda\/ca\/wp-json\/wp\/v2\/media?parent=170301"}],"wp:term":[{"taxonomy":"category","embeddable":true,"href":"https:\/\/www.tucomarca.com\/wordpress\/segunda\/ca\/wp-json\/wp\/v2\/categories?post=170301"},{"taxonomy":"post_tag","embeddable":true,"href":"https:\/\/www.tucomarca.com\/wordpress\/segunda\/ca\/wp-json\/wp\/v2\/tags?post=170301"}],"curies":[{"name":"wp","href":"https:\/\/api.w.org\/{rel}","templated":true}]}}