{"id":170340,"date":"2022-10-19T10:15:00","date_gmt":"2022-10-19T08:15:00","guid":{"rendered":"https:\/\/www.tucomarca.com\/wordpress\/segunda\/?p=170340"},"modified":"2022-10-19T22:05:05","modified_gmt":"2022-10-19T20:05:05","slug":"la-diputacio-avanca-amb-els-ajuntaments-de-real-i-corbera-la-construccio-dels-seus-centres-de-majors","status":"publish","type":"post","link":"https:\/\/www.tucomarca.com\/wordpress\/segunda\/ca\/la-diputacio-avanca-amb-els-ajuntaments-de-real-i-corbera-la-construccio-dels-seus-centres-de-majors\/","title":{"rendered":"La Diputaci\u00f3 avan\u00e7a amb els ajuntaments de Real i Corbera la construcci\u00f3 dels seus centres de majors"},"content":{"rendered":"\n<h4 class=\"wp-block-heading\">La diputada de Benestar Social, Pilar Sarri\u00f3n, s&#8217;ha reunit amb els responsables locals de les dos localitats de La Ribera per a abordar la gesti\u00f3 d&#8217;una ajuda directa que suma 2,5 milions d\u2019euros en total<\/h4>\n\n\n\n<h4 class=\"wp-block-heading\">L&#8217;Ajuntament de Corbera aportar\u00e0 els terrenys i el de Real un immoble al\u00e7at amb ajuda de la corporaci\u00f3 provincial, que subvencionar\u00e0 la redacci\u00f3 i construcci\u00f3 dels projectes<\/h4>\n\n\n\n<p>La Diputaci\u00f3 de Val\u00e8ncia i els Ajuntaments de Corbera i Real continuen avan\u00e7ant en els projectes de construcci\u00f3 dels centres de majors en els municipis de la Ribera Baixa y la Ribera Alta. Per a dur-los a terme, la corporaci\u00f3 provincial destinar\u00e0 una ajuda directa de dos milions d&#8217;euros al consistori de Corbera, que cedir\u00e0 els terrenys en els quals se situar\u00e0 el nou centre. Per part seua, l&#8217;Ajuntament de Real, que ha oferit un immoble per al seu centre de majors, la primera fase del qual ha sigut finan\u00e7ada amb fons de la pr\u00f2pia Diputaci\u00f3, rebr\u00e0 una aportaci\u00f3 directa de 500.000 euros per a finalitzar l&#8217;obra.<\/p>\n\n\n\n<p>La diputada de Benestar Social, Pilar Sarri\u00f3n, s&#8217;ha reunit en seu provincial amb la regidora de Serveis Socials de Corbera i diputada provincial, Mentxu Balaguer, que ha estat acompanyada pel regidor de Patrimoni, Jordi Xavier Vicedo; i amb l&#8217;alcalde de Real, Gerardo L\u00f3pez, per a abordar el procediment t\u00e8cnic de la subvenci\u00f3 concedida per la Diputaci\u00f3 en el marc del Pla Convivint.<\/p>\n\n\n\n<p>Els projectes de Corbera i Real s\u00f3n dos dels huit acordats este mateix mes amb la Generalitat com a ampliaci\u00f3 al centenar de projectes inicialment aprovats a la prov\u00edncia dins d&#8217;este programa d&#8217;infraestructures socials basat en la col\u00b7laboraci\u00f3 institucional.<\/p>\n\n\n\n<p>La col\u00b7laboraci\u00f3 es tradu\u00efx en la implicaci\u00f3 dels ajuntaments, que s&#8217;encarreguen d&#8217;aportar els terrenys; les diputacions, que subvencionen els projectes de construcci\u00f3 i l&#8217;execuci\u00f3 dels centres de majors i resid\u00e8ncies de diversitat funcional; i la Generalitat, que en \u00faltima inst\u00e0ncia equipa les instal\u00b7lacions constru\u00efdes i les dota del personal necessari per a la seua posada en marxa.<\/p>\n\n\n\n<p>D&#8217;estos aspectes t\u00e8cnics i dels temps del proc\u00e9s han parlat la diputada i els responsables locals de Corbera i Real. En concret, l&#8217;Ajuntament de Corbera contempla diferents terrenys municipals amb la viabilitat necess\u00e0ria per a al\u00e7ar la nova resid\u00e8ncia de majors. Quant a Real, ja s&#8217;ha oferit un immoble de titularitat municipal en s\u00f2l urb\u00e0 del qual ja s&#8217;ha realitzat la primera fase amb fons provincials.<\/p>\n\n\n\n<p>Per part seua, Pilar Sarri\u00f3n els ha explicat que l&#8217;ajuda de la corporaci\u00f3 es transferir\u00e0 en el moment en qu\u00e8 el Consell publique l&#8217;aprovaci\u00f3 definitiva del projecte en el DOGV, i que podr\u00e0 destinar-se tant a la redacci\u00f3 com a la direcci\u00f3 d&#8217;obra i la construcci\u00f3 o, en el seu cas, finalitzaci\u00f3 del centre. \u201cLa intenci\u00f3 de la Diputaci\u00f3 \u00e9s que els diners arriben enguany als ajuntaments perqu\u00e8 puguen iniciar la fase constructiva\u201d, apunta la diputada.<\/p>\n\n\n\n<p><strong>Ampliaci\u00f3 del Pla Convivint<\/strong><\/p>\n\n\n\n<p>Els 2,5 milions d&#8217;euros destinats a Corbera i Real per als seus centres de majors, un tipus de centre prioritari seguint el mapa de necessitats elaborat per la Conselleria de Pol\u00edtiques Inclusives, formen part dels 17,5 milions d&#8217;euros que la Diputaci\u00f3 de Val\u00e8ncia ha invertit en l&#8217;ampliaci\u00f3 del llistat de projectes aprovats inicialment en el Pla Convivint, en el qual participa al costat de la Generalitat.<\/p>\n\n\n\n<p>El llistat de projectes aprovats per la Conselleria dins d&#8217;esta ampliaci\u00f3 inclou una desena de municipis valencians. En el cas dels nous centres de dia i diversitat funcional de Gandia, Torrent i L&#8217;Eliana i els centres de majors que preveuen construir Albalat dels Sorells, Corbera, La Llosa de Ranes, Castell\u00f3 de Rugat i Real, la Diputaci\u00f3 transferir\u00e0 les ajudes directament als ajuntaments despr\u00e9s de la publicaci\u00f3 en el DOGV, perqu\u00e8 estos puguen posar en marxa les obres sobre els solars o immobles municipals que han disposat.<\/p>\n\n\n\n<p>Gandia i Torrent disposaran de quatre i tres milions respectivament per als seus centre de dia i diversitat funcional i Castell\u00f3 de Rugat a la Vall d&#8217;Albaida; La Llosa de Ranes a la Costera; Albalat dels Sorells a l&#8217;Horta Nord; i L&#8217;Eliana al Camp de T\u00faria tenen assignats dos milions d&#8217;euros de la corporaci\u00f3 provincial per a portar avant els seus projectes.<\/p>\n\n\n\n<p><\/p>\n","protected":false},"excerpt":{"rendered":"<div class=\"mh-excerpt\">La diputada de Benestar Social, Pilar Sarri\u00f3n, s&#8217;ha reunit amb els responsables locals de les dos localitats de La Ribera per a abordar la gesti\u00f3 d&#8217;una ajuda directa que suma 2,5 milions d\u2019euros en total <a class=\"mh-excerpt-more\" href=\"https:\/\/www.tucomarca.com\/wordpress\/segunda\/ca\/la-diputacio-avanca-amb-els-ajuntaments-de-real-i-corbera-la-construccio-dels-seus-centres-de-majors\/\" title=\"La Diputaci\u00f3 avan\u00e7a amb els ajuntaments de Real i Corbera la construcci\u00f3 dels seus centres de majors\">[+] <\/a><\/div>\n","protected":false},"author":12,"featured_media":170339,"comment_status":"open","ping_status":"open","sticky":false,"template":"","format":"standard","meta":{"footnotes":""},"categories":[10892,10898,10948,10894,10902,10893,10947,11051,10896],"tags":[10899,18081,18082,11356],"class_list":{"0":"post-170340","1":"post","2":"type-post","3":"status-publish","4":"format-standard","5":"has-post-thumbnail","7":"category-camp-de-turia-ca","8":"category-ventana-ca","9":"category-infraestructuras-ca","10":"category-la-comarca-ca","11":"category-la-ribera-ca","12":"category-leliana-ca","13":"category-politica","14":"category-real-de-montroi-ca","15":"category-seccion-ca","16":"tag-camp-de-turia-ca","17":"tag-pla-covivint-ca","18":"tag-real-de-montroi-2-ca","19":"tag-ribera-alta-ca"},"_links":{"self":[{"href":"https:\/\/www.tucomarca.com\/wordpress\/segunda\/ca\/wp-json\/wp\/v2\/posts\/170340","targetHints":{"allow":["GET"]}}],"collection":[{"href":"https:\/\/www.tucomarca.com\/wordpress\/segunda\/ca\/wp-json\/wp\/v2\/posts"}],"about":[{"href":"https:\/\/www.tucomarca.com\/wordpress\/segunda\/ca\/wp-json\/wp\/v2\/types\/post"}],"author":[{"embeddable":true,"href":"https:\/\/www.tucomarca.com\/wordpress\/segunda\/ca\/wp-json\/wp\/v2\/users\/12"}],"replies":[{"embeddable":true,"href":"https:\/\/www.tucomarca.com\/wordpress\/segunda\/ca\/wp-json\/wp\/v2\/comments?post=170340"}],"version-history":[{"count":0,"href":"https:\/\/www.tucomarca.com\/wordpress\/segunda\/ca\/wp-json\/wp\/v2\/posts\/170340\/revisions"}],"wp:featuredmedia":[{"embeddable":true,"href":"https:\/\/www.tucomarca.com\/wordpress\/segunda\/ca\/wp-json\/wp\/v2\/media\/170339"}],"wp:attachment":[{"href":"https:\/\/www.tucomarca.com\/wordpress\/segunda\/ca\/wp-json\/wp\/v2\/media?parent=170340"}],"wp:term":[{"taxonomy":"category","embeddable":true,"href":"https:\/\/www.tucomarca.com\/wordpress\/segunda\/ca\/wp-json\/wp\/v2\/categories?post=170340"},{"taxonomy":"post_tag","embeddable":true,"href":"https:\/\/www.tucomarca.com\/wordpress\/segunda\/ca\/wp-json\/wp\/v2\/tags?post=170340"}],"curies":[{"name":"wp","href":"https:\/\/api.w.org\/{rel}","templated":true}]}}