{"id":170483,"date":"2022-10-20T17:00:00","date_gmt":"2022-10-20T15:00:00","guid":{"rendered":"https:\/\/www.tucomarca.com\/wordpress\/segunda\/?p=170483"},"modified":"2022-10-21T02:38:59","modified_gmt":"2022-10-21T00:38:59","slug":"benaguasil-posa-en-marxa-un-nou-programa-de-xarrades-sobre-salut-mental","status":"publish","type":"post","link":"https:\/\/www.tucomarca.com\/wordpress\/segunda\/ca\/benaguasil-posa-en-marxa-un-nou-programa-de-xarrades-sobre-salut-mental\/","title":{"rendered":"Benaguasil posa en marxa un nou programa de xarrades sobre salut mental"},"content":{"rendered":"\n<h4 class=\"wp-block-heading\">Comen\u00e7aran el dia 25 i versaran sobre diferents tem\u00e0tiques que abordaran temes d&#8217;especial rellev\u00e0ncia per a la salut del conjunt de la ciutadania.&nbsp;<\/h4>\n\n\n\n<h4 class=\"wp-block-heading\">El programa de xarrades, obert a la ciutadania, s&#8217;impartir\u00e0 l&#8217;\u00faltim dimarts del mes a les 18 hores.<\/h4>\n\n\n\n<p>L&#8217;Ajuntament de Benaguasil&nbsp;iniciar\u00e0 la setmana vinent un programa de xarrades sobre salut mental, que tindran lloc una vegada al mes en el Espai de la Dona i en el Centre de la Joventut.<br>\u201cBenaguasil Ment Sana\u201d \u00e9s el nom d&#8217;aquest cicle posat en marxa per l&#8217;\u00e0rea d&#8217;Igualtat que t\u00e9 com a objectiu conscienciar, ajudar a la ciutadania i sensibilitzar-la sobre la import\u00e0ncia de la cura del benestar personal per a promoure la salut mental.<br>Totes les sessions seran gratu\u00eftes, tindran lloc a les 18h, i seran impartides per professionals especialitzats en la mat\u00e8ria.<br>La primera xarrada tindr\u00e0 lloc el dia 25, en el Centre de la Joventut, i tractar\u00e0 sobre sensibilitzaci\u00f3, prevenci\u00f3 i gesti\u00f3 de conductes su\u00efcides.<br>El 29 de novembre en el Espai de la Dona, s&#8217;oferir\u00e0 una xarrada sobre la viol\u00e8ncia de g\u00e8nere; mentre que el 20 de desembre ser\u00e0 el torn de la xarrada que porta per t\u00edtol \u201cMillorant la nostra autoestima\u201d.<br>L&#8217;any 2023 s&#8217;iniciar\u00e0 amb una xarrada el dia 31 de gener sobre trastorns en la conducta aliment\u00e0ria, mentre que el 28 de febrer el tema a tractar ser\u00e0 \u201cQui cuida al cuidador?\u201d i el 28 de mar\u00e7 s&#8217;abordar\u00e0 el tema de la sexologia.<br>El 30 de maig s&#8217;abordar\u00e0 la xarrada \u201cEm jubile, i ara qu\u00e8?\u201d, i el 27 de juny tindr\u00e0 lloc una sessi\u00f3 sobre el duel, tancant el cicle de confer\u00e8ncies el 27 de juliol la xarrada sobre inclinaci\u00f3 i desagafe emocional.<br>Des de l&#8217;Ajuntament es convida a la ciutadania a participar en aquestes jornades per a conscienciar i sensibilitzar sobre determinats aspectes per a aconseguir una millor qualitat de vida, mostrar h\u00e0bits per a garantir el benestar de les persones de Benaguasil i reduir l&#8217;a\u00efllament social, entre altres.<\/p>\n\n\n\n<p><\/p>\n","protected":false},"excerpt":{"rendered":"<div class=\"mh-excerpt\">Comen\u00e7aran el dia 25 i versaran sobre diferents tem\u00e0tiques que abordaran temes d&#8217;especial rellev\u00e0ncia per a la salut del conjunt de la ciutadania.&nbsp; El programa de xarrades, obert a la ciutadania, s&#8217;impartir\u00e0 l&#8217;\u00faltim dimarts del <a class=\"mh-excerpt-more\" href=\"https:\/\/www.tucomarca.com\/wordpress\/segunda\/ca\/benaguasil-posa-en-marxa-un-nou-programa-de-xarrades-sobre-salut-mental\/\" title=\"Benaguasil posa en marxa un nou programa de xarrades sobre salut mental\">[+] <\/a><\/div>\n","protected":false},"author":12,"featured_media":170482,"comment_status":"open","ping_status":"open","sticky":false,"template":"","format":"standard","meta":{"footnotes":""},"categories":[11019,10952,10892,11010,10894,10904,10947,10896],"tags":[14173,10899,15279],"class_list":{"0":"post-170483","1":"post","2":"type-post","3":"status-publish","4":"format-standard","5":"has-post-thumbnail","7":"category-agenda-ca","8":"category-benaguasil-ca","9":"category-camp-de-turia-ca","10":"category-canal-salud","11":"category-la-comarca-ca","12":"category-sin-categorizar-ca","13":"category-politica","14":"category-seccion-ca","15":"tag-ajuntament-de-benaguasil-ca","16":"tag-camp-de-turia-ca","17":"tag-salud-mental-ca"},"_links":{"self":[{"href":"https:\/\/www.tucomarca.com\/wordpress\/segunda\/ca\/wp-json\/wp\/v2\/posts\/170483","targetHints":{"allow":["GET"]}}],"collection":[{"href":"https:\/\/www.tucomarca.com\/wordpress\/segunda\/ca\/wp-json\/wp\/v2\/posts"}],"about":[{"href":"https:\/\/www.tucomarca.com\/wordpress\/segunda\/ca\/wp-json\/wp\/v2\/types\/post"}],"author":[{"embeddable":true,"href":"https:\/\/www.tucomarca.com\/wordpress\/segunda\/ca\/wp-json\/wp\/v2\/users\/12"}],"replies":[{"embeddable":true,"href":"https:\/\/www.tucomarca.com\/wordpress\/segunda\/ca\/wp-json\/wp\/v2\/comments?post=170483"}],"version-history":[{"count":0,"href":"https:\/\/www.tucomarca.com\/wordpress\/segunda\/ca\/wp-json\/wp\/v2\/posts\/170483\/revisions"}],"wp:featuredmedia":[{"embeddable":true,"href":"https:\/\/www.tucomarca.com\/wordpress\/segunda\/ca\/wp-json\/wp\/v2\/media\/170482"}],"wp:attachment":[{"href":"https:\/\/www.tucomarca.com\/wordpress\/segunda\/ca\/wp-json\/wp\/v2\/media?parent=170483"}],"wp:term":[{"taxonomy":"category","embeddable":true,"href":"https:\/\/www.tucomarca.com\/wordpress\/segunda\/ca\/wp-json\/wp\/v2\/categories?post=170483"},{"taxonomy":"post_tag","embeddable":true,"href":"https:\/\/www.tucomarca.com\/wordpress\/segunda\/ca\/wp-json\/wp\/v2\/tags?post=170483"}],"curies":[{"name":"wp","href":"https:\/\/api.w.org\/{rel}","templated":true}]}}