{"id":170685,"date":"2022-10-21T20:20:00","date_gmt":"2022-10-21T18:20:00","guid":{"rendered":"https:\/\/www.tucomarca.com\/wordpress\/segunda\/?p=170685"},"modified":"2022-10-24T13:23:30","modified_gmt":"2022-10-24T11:23:30","slug":"sanitat-notifica-11-defuncions-i-2-195-nous-casos-de-coronavirus-en-la-comunitat-valenciana-1-352-dells-en-persones-majors-de-60-anys","status":"publish","type":"post","link":"https:\/\/www.tucomarca.com\/wordpress\/segunda\/ca\/sanitat-notifica-11-defuncions-i-2-195-nous-casos-de-coronavirus-en-la-comunitat-valenciana-1-352-dells-en-persones-majors-de-60-anys\/","title":{"rendered":"Sanitat notifica 11 defuncions i 2.195 nous casos de coronavirus en la Comunitat Valenciana, 1.352 d&#8217;ells en persones majors de 60 anys"},"content":{"rendered":"\n<p><strong>Els hospitals valencians tenen 290 persones ingressades per COVID, 16 d&#8217;elles en l&#8217;UCI<\/strong><\/p>\n\n\n\n<p>La Conselleria de Sanitat Universal i Salut P\u00fablica ha notificat un total de 2.195 nous casos de coronavirus confirmats per prova PCR o a trav\u00e9s de test d&#8217;ant\u00edgens des de l&#8217;\u00faltima actualitzaci\u00f3 divendres passat. Els nous casos per prov\u00edncies s\u00f3n 295 a Castell\u00f3 (192.275 en total), 582 a Alacant (528.963 en total), i 1.318 a Val\u00e8ncia (838.247 en total).<\/p>\n\n\n\n<p>D&#8217;ells, 1.352 s\u00f3n de persones majors de 60 anys. Per prov\u00edncies: 185 de Castell\u00f3, 374 d&#8217;Alacant i 793 de Val\u00e8ncia.<\/p>\n\n\n\n<p>Els hospitals valencians tenen actualment 290 persones ingressades per COVID, 16 d&#8217;elles en l&#8217;UCI: 40 a la prov\u00edncia de Castell\u00f3, 0 en UCI; 73 a la prov\u00edncia d&#8217;Alacant, 4 d&#8217;elles en l&#8217;UCI, i 177 a la prov\u00edncia de Val\u00e8ncia, 12 en UCI.<\/p>\n\n\n\n<p>S&#8217;han notificat 11 defuncions per coronavirus des de l&#8217;\u00faltima actualitzaci\u00f3, tots amb data de defunci\u00f3 en els \u00faltims 15 dies excepte tres de juliol, agost i setembre. Es tracta de 5 dones d&#8217;entre 63 i 94 anys, i 6 homes d&#8217;entre 81 i 91. El total de decessos des de l&#8217;inici de la pand\u00e8mia ascendeix a 10.106: 1.200 a la prov\u00edncia de Castell\u00f3, 3.857 en la d&#8217;Alacant i 5.049 en la de Val\u00e8ncia.<\/p>\n\n\n\n<p><\/p>\n\n\n\n<p><\/p>\n","protected":false},"excerpt":{"rendered":"<div class=\"mh-excerpt\">Els hospitals valencians tenen 290 persones ingressades per COVID, 16 d&#8217;elles en l&#8217;UCI La Conselleria de Sanitat Universal i Salut P\u00fablica ha notificat un total de 2.195 nous casos de coronavirus confirmats per prova PCR <a class=\"mh-excerpt-more\" href=\"https:\/\/www.tucomarca.com\/wordpress\/segunda\/ca\/sanitat-notifica-11-defuncions-i-2-195-nous-casos-de-coronavirus-en-la-comunitat-valenciana-1-352-dells-en-persones-majors-de-60-anys\/\" title=\"Sanitat notifica 11 defuncions i 2.195 nous casos de coronavirus en la Comunitat Valenciana, 1.352 d&#8217;ells en persones majors de 60 anys\">[+] <\/a><\/div>\n","protected":false},"author":1,"featured_media":148066,"comment_status":"open","ping_status":"open","sticky":false,"template":"","format":"standard","meta":{"footnotes":""},"categories":[11010,12202,10948,10894,10904,10903,10947,10896,10897],"tags":[11939,11940,11199,13932],"class_list":{"0":"post-170685","1":"post","2":"type-post","3":"status-publish","4":"format-standard","5":"has-post-thumbnail","7":"category-canal-salud","8":"category-covid-19-ca","9":"category-infraestructuras-ca","10":"category-la-comarca-ca","11":"category-sin-categorizar-ca","12":"category-medio-ambiente-la-comarca-ca","13":"category-politica","14":"category-seccion-ca","15":"category-sucesos-la-comarca-ca","16":"tag-coronavirus-ca","17":"tag-covid-19-ca","18":"tag-la-comunitat-ca","19":"tag-vacunas-ca"},"_links":{"self":[{"href":"https:\/\/www.tucomarca.com\/wordpress\/segunda\/ca\/wp-json\/wp\/v2\/posts\/170685","targetHints":{"allow":["GET"]}}],"collection":[{"href":"https:\/\/www.tucomarca.com\/wordpress\/segunda\/ca\/wp-json\/wp\/v2\/posts"}],"about":[{"href":"https:\/\/www.tucomarca.com\/wordpress\/segunda\/ca\/wp-json\/wp\/v2\/types\/post"}],"author":[{"embeddable":true,"href":"https:\/\/www.tucomarca.com\/wordpress\/segunda\/ca\/wp-json\/wp\/v2\/users\/1"}],"replies":[{"embeddable":true,"href":"https:\/\/www.tucomarca.com\/wordpress\/segunda\/ca\/wp-json\/wp\/v2\/comments?post=170685"}],"version-history":[{"count":0,"href":"https:\/\/www.tucomarca.com\/wordpress\/segunda\/ca\/wp-json\/wp\/v2\/posts\/170685\/revisions"}],"wp:featuredmedia":[{"embeddable":true,"href":"https:\/\/www.tucomarca.com\/wordpress\/segunda\/ca\/wp-json\/wp\/v2\/media\/148066"}],"wp:attachment":[{"href":"https:\/\/www.tucomarca.com\/wordpress\/segunda\/ca\/wp-json\/wp\/v2\/media?parent=170685"}],"wp:term":[{"taxonomy":"category","embeddable":true,"href":"https:\/\/www.tucomarca.com\/wordpress\/segunda\/ca\/wp-json\/wp\/v2\/categories?post=170685"},{"taxonomy":"post_tag","embeddable":true,"href":"https:\/\/www.tucomarca.com\/wordpress\/segunda\/ca\/wp-json\/wp\/v2\/tags?post=170685"}],"curies":[{"name":"wp","href":"https:\/\/api.w.org\/{rel}","templated":true}]}}