{"id":170708,"date":"2022-10-24T12:12:00","date_gmt":"2022-10-24T10:12:00","guid":{"rendered":"https:\/\/www.tucomarca.com\/wordpress\/segunda\/?p=170708"},"modified":"2022-10-24T15:20:04","modified_gmt":"2022-10-24T13:20:04","slug":"benaguasil-llanca-una-campanya-comercial-per-a-incentivar-les-compres","status":"publish","type":"post","link":"https:\/\/www.tucomarca.com\/wordpress\/segunda\/ca\/benaguasil-llanca-una-campanya-comercial-per-a-incentivar-les-compres\/","title":{"rendered":"Benaguasil llan\u00e7a una campanya comercial per a incentivar les compres&nbsp;"},"content":{"rendered":"\n<h4 class=\"wp-block-heading\">Se sortejaran 300\u20ac entre totes les compres que es realitzen del 24 al 30 d&#8217;octubre.<\/h4>\n\n\n\n<h4 class=\"wp-block-heading\">L&#8217;objectiu d&#8217;aquesta iniciativa \u00e9s secundar, dinamitzar&nbsp;i promocionar al sector comercial de Benaguasil.<\/h4>\n\n\n\n<p>Amb motiu de la celebraci\u00f3 del Dia del Comer\u00e7 Local el dia 25 d&#8217;octubre, l&#8217;Ajuntament de Benaguasil, a trav\u00e9s de la regidoria de Promoci\u00f3 Econ\u00f2mica, ha posat en marxa una campanya per a dinamitzar i incentivar les compres en el comer\u00e7 local i de proximitat, un dels principals motors econ\u00f2mics del municipi.<br>A trav\u00e9s d&#8217;aquesta iniciativa, que tamb\u00e9 compta amb la col\u00b7laboraci\u00f3 de Empresaris de Benaguasil, les persones que realitzen compres en els comer\u00e7os locals entre el 24 i el 30 d&#8217;octubre podran participar en el sorteig de 300\u20ac. Totes les compres que es realitzen en aquest per\u00edode de temps, tindran la possibilitat d&#8217;optar a aquest xec regal que se sortejar\u00e0 el 31 d&#8217;octubre.<br>Per a aix\u00f2 cada vegada que realitzen una compra en els establiments comercials pertanyents a l&#8217;associaci\u00f3 Empresaris de Benaguasil, hauran d&#8217;emplenar un cup\u00f3 amb les seues dades i depositar-lo en les urnes habilitades. La persona guanyadora&nbsp;podr\u00e0 gastar el premi en qualsevol de les botigues associades.<br>L&#8217;edil Patricia Merenciano ha assenyalat que \u201cdes de l&#8217;Ajuntament volem celebrar el dia del Comer\u00e7 Local amb aquesta campanya per a posar en valor el treball i la labor de l&#8217;empresariat i acostar a la poblaci\u00f3 el comer\u00e7 de proximitat\u201d.&nbsp;<br>La regidora ha animat als ve\u00efns a \u201crealitzar les compres a les botigues de proximitat per a reivindicar els nostres&nbsp;comer\u00e7os&nbsp;tradicionals, promocionar-los i activar-los, al mateix temps que ha donat les gr\u00e0cies als empresaris per contribuir a fer gran el nostre municipi\u201d.<\/p>\n\n\n\n<p><\/p>\n","protected":false},"excerpt":{"rendered":"<div class=\"mh-excerpt\">Se sortejaran 300\u20ac entre totes les compres que es realitzen del 24 al 30 d&#8217;octubre. L&#8217;objectiu d&#8217;aquesta iniciativa \u00e9s secundar, dinamitzar&nbsp;i promocionar al sector comercial de Benaguasil. Amb motiu de la celebraci\u00f3 del Dia del <a class=\"mh-excerpt-more\" href=\"https:\/\/www.tucomarca.com\/wordpress\/segunda\/ca\/benaguasil-llanca-una-campanya-comercial-per-a-incentivar-les-compres\/\" title=\"Benaguasil llan\u00e7a una campanya comercial per a incentivar les compres&nbsp;\">[+] <\/a><\/div>\n","protected":false},"author":12,"featured_media":170707,"comment_status":"open","ping_status":"open","sticky":false,"template":"","format":"standard","meta":{"footnotes":""},"categories":[10952,10892,10948,10894,10947,10896],"tags":[11136,10899,18126],"class_list":{"0":"post-170708","1":"post","2":"type-post","3":"status-publish","4":"format-standard","5":"has-post-thumbnail","7":"category-benaguasil-ca","8":"category-camp-de-turia-ca","9":"category-infraestructuras-ca","10":"category-la-comarca-ca","11":"category-politica","12":"category-seccion-ca","13":"tag-benaguasil-ca","14":"tag-camp-de-turia-ca","15":"tag-campana-comercial-ca"},"_links":{"self":[{"href":"https:\/\/www.tucomarca.com\/wordpress\/segunda\/ca\/wp-json\/wp\/v2\/posts\/170708","targetHints":{"allow":["GET"]}}],"collection":[{"href":"https:\/\/www.tucomarca.com\/wordpress\/segunda\/ca\/wp-json\/wp\/v2\/posts"}],"about":[{"href":"https:\/\/www.tucomarca.com\/wordpress\/segunda\/ca\/wp-json\/wp\/v2\/types\/post"}],"author":[{"embeddable":true,"href":"https:\/\/www.tucomarca.com\/wordpress\/segunda\/ca\/wp-json\/wp\/v2\/users\/12"}],"replies":[{"embeddable":true,"href":"https:\/\/www.tucomarca.com\/wordpress\/segunda\/ca\/wp-json\/wp\/v2\/comments?post=170708"}],"version-history":[{"count":0,"href":"https:\/\/www.tucomarca.com\/wordpress\/segunda\/ca\/wp-json\/wp\/v2\/posts\/170708\/revisions"}],"wp:featuredmedia":[{"embeddable":true,"href":"https:\/\/www.tucomarca.com\/wordpress\/segunda\/ca\/wp-json\/wp\/v2\/media\/170707"}],"wp:attachment":[{"href":"https:\/\/www.tucomarca.com\/wordpress\/segunda\/ca\/wp-json\/wp\/v2\/media?parent=170708"}],"wp:term":[{"taxonomy":"category","embeddable":true,"href":"https:\/\/www.tucomarca.com\/wordpress\/segunda\/ca\/wp-json\/wp\/v2\/categories?post=170708"},{"taxonomy":"post_tag","embeddable":true,"href":"https:\/\/www.tucomarca.com\/wordpress\/segunda\/ca\/wp-json\/wp\/v2\/tags?post=170708"}],"curies":[{"name":"wp","href":"https:\/\/api.w.org\/{rel}","templated":true}]}}