{"id":171090,"date":"2022-10-28T14:00:00","date_gmt":"2022-10-28T12:00:00","guid":{"rendered":"https:\/\/www.tucomarca.com\/wordpress\/segunda\/?p=171090"},"modified":"2022-10-29T18:51:47","modified_gmt":"2022-10-29T16:51:47","slug":"riba-roja-de-turia-aconsegueix-els-99-230-euros-en-les-ajudes-economiques-per-a-la-installacio-de-plaques-fotovoltaiques-en-habitatges-i-edificis-dautoconsum","status":"publish","type":"post","link":"https:\/\/www.tucomarca.com\/wordpress\/segunda\/ca\/riba-roja-de-turia-aconsegueix-els-99-230-euros-en-les-ajudes-economiques-per-a-la-installacio-de-plaques-fotovoltaiques-en-habitatges-i-edificis-dautoconsum\/","title":{"rendered":"Riba-roja de T\u00faria aconsegueix els 99.230 euros en les ajudes econ\u00f2miques per a la instal\u00b7laci\u00f3 de plaques fotovoltaiques en habitatges i edificis d&#8217;autoconsum"},"content":{"rendered":"\n<h4 class=\"wp-block-heading\">L&#8217;ajuntament publica la concessi\u00f3 de les subvencions destinades al foment de les energies renovables de l&#8217;any 2022 amb una mitjana econ\u00f2mica de fins a 1.500 euros per a cada beneficiari<\/h4>\n\n\n\n<p>L&#8217;Ajuntament de Riba-roja de T\u00faria ha destinat fins a 99.230 euros en les ajudes econ\u00f2miques destinades a la instal\u00b7laci\u00f3 d&#8217;energia fotovoltaica per a autoconsum i foment de l&#8217;economia local en els habitatges i edificis del municipi. Les ajudes es concedeixen mitjan\u00e7ant el sistema p\u00fablic en r\u00e8gim de concurr\u00e8ncia competitiva per a sensibilitzar i conscienciar a la ciutadania sobre la import\u00e0ncia de l&#8217;estalvi i l&#8217;efici\u00e8ncia energ\u00e8tica.&nbsp;<\/p>\n\n\n\n<p>Les bases reguladores insisteixen en la necessitat d&#8217;implantar un model energ\u00e8tic alternatiu per a aconseguir la m\u00e0xima sobirania energ\u00e8tica en la localitat de Riba-roja de T\u00faria a trav\u00e9s del foment de les energies renovables. Per a aix\u00f2, \u00e9s necessari realitzar una \u00e0mplia varietat d&#8217;activitats, des de la formaci\u00f3 i el foment en mat\u00e8ria d&#8217;estalvi i efici\u00e8ncia energ\u00e8tica a la implantaci\u00f3 efectiva d&#8217;energies netes i respectuoses amb el medi ambient.&nbsp;<\/p>\n\n\n\n<p>L&#8217;ajuntament ha donat a con\u00e9ixer la concessi\u00f3 de les ajudes p\u00fabliques d&#8217;enguany en el qual han resultat beneficiaris un total de 68 expedients administratius dels ve\u00efns i les comunitats de ve\u00efns que el van sol\u00b7licitar en el termini previst, tant en habitatges, en edificis residencials, aix\u00ed com en instal\u00b7lacions destinades al comer\u00e7 local minorista i establiments de prestaci\u00f3 de serveis al consumidor final de Riba-roja de T\u00faria.&nbsp;<\/p>\n\n\n\n<p>La mitjana de cadascuna de les subvencions concedides per part del govern local se situa en un total de 1.500 euros, en funci\u00f3 de les caracter\u00edstiques i criteris empelados recollits en les bases reguladores sobre l&#8217;energia fotovoltaica. Per a aconseguir el major impacte en la reducci\u00f3 de les emissions de di\u00f2xid de carboni, s&#8217;ha exigit que l&#8217;immoble sobre el qual es realitze la sol\u00b7licitud estiga habitat, amb el volant d&#8217;empadronament o amb factures justificatives de consum superior a 2.000 quilowatts anuals.&nbsp;<\/p>\n\n\n\n<p>Les bases reguladores contemplen que la quantitat a subvencionar en cadascun dels projectes presentats \u00e9s de 500 euros per cada quilowatt instal\u00b7lat i un l\u00edmit de pot\u00e8ncia de 3 quilowatts en total, de manera que la quantitat m\u00e0xima concedida ascendeix als citats 1.500 euros. Les despeses subvencionables en cadascuna de les peticions s\u00f3n les que responguen a la naturalesa de l&#8217;activitat subvencionada, les estrictament necess\u00e0ries per a dur a terme el projecte i aquelles el cost d&#8217;adquisici\u00f3 de les quals de les despeses no superen el valor del mercat vigent.&nbsp;<\/p>\n\n\n\n<p>Entre els requisits per a la concessi\u00f3 cal assenyalar que les instal\u00b7lacions han de romandre en l&#8217;habitatge o edifici per un per\u00edode m\u00e0xim de deu anys, una vegada s&#8217;haja concedit la subvenci\u00f3. No s\u00f3n subvencionables l&#8217;adquisici\u00f3 de les instal\u00b7lacions o equips mitjan\u00e7ant l\u00edsing, r\u00e8nting o altres f\u00f3rmules d&#8217;arrendament sobre aquells habitatges de les quals el beneficiari no siga el propietari. De cap manera es consideraran despeses subvencionables el cost derivat de l&#8217;amortitzaci\u00f3 dels b\u00e9ns que hagen sigut inventariats, els interessos deutors dels comptes bancaris o els interessos, rec\u00e0rrecs i sancions administratius i penals.&nbsp;<\/p>\n\n\n\n<p>Les bases estableixen el seguiment que realitzar\u00e0 l&#8217;Ajuntament de Riba-roja de T\u00faria en cadascuna dels habitatges o edificis beneficiaris de les ajudes per a constatar l&#8217;impacte en mat\u00e8ria de reduccions de di\u00f2xid de carboni (CO\u2082), de manera que incloga una simulaci\u00f3 de les dades energ\u00e8tiques sobre la instal\u00b7laci\u00f3 projectada. La simulaci\u00f3 ha de contemplar els quilowatts instal\u00b7lats, la dada estimats de quilograms de di\u00f2xid de carboni estalviats anualment i, finalment, els quilowatts anuals d&#8217;energia produ\u00efts per la instal\u00b7laci\u00f3.&nbsp;<\/p>\n\n\n\n<p>Els beneficiaris hauran de complir una s\u00e8rie de requisits per a la concessi\u00f3 efectiva de la subvenci\u00f3 econ\u00f2mica, com executar el projecte subvencionat en els termes sol\u00b7licitats, justificar davant l&#8217;\u00f2rgan competent la subvenci\u00f3 concedida, sotmetre&#8217;s a les actuacions de comprovaci\u00f3, seguiment i inspecci\u00f3 aix\u00ed com el control financer, comunicar l&#8217;obtenci\u00f3 d&#8217;altres ajudes o subvencions, acreditar estar al corrent de les obligacions tribut\u00e0ries i Seguretat Social i, finalment, reintegrar els fons rebuts en els casos d&#8217;incompatibilitat previstos.&nbsp;<\/p>\n\n\n\n<p>L&#8217;alcalde de Riba-roja de T\u00faria, Robert Raga, ha subratllat \u201cl&#8217;enorme impacte de les \u00faltimes convocat\u00f2ries sobre instal\u00b7laci\u00f3 de les plaques fotovoltaiques entre la ciutadania del nostre municipi i que \u00e9s la conseq\u00fc\u00e8ncia directa d&#8217;una major conscienciaci\u00f3 i sensibilitat cap al nostre entorn natural, amb l&#8217;\u00fas i la promoci\u00f3 d&#8217;aquelles fonts d&#8217;energia renovables i m\u00e9s respectuoses, de manera que ajuden a contribuir a la reducci\u00f3 de les emissions de di\u00f2xid de carboni\u201d.<\/p>\n\n\n\n<p><\/p>\n","protected":false},"excerpt":{"rendered":"<div class=\"mh-excerpt\">L&#8217;ajuntament publica la concessi\u00f3 de les subvencions destinades al foment de les energies renovables de l&#8217;any 2022 amb una mitjana econ\u00f2mica de fins a 1.500 euros per a cada beneficiari L&#8217;Ajuntament de Riba-roja de T\u00faria <a class=\"mh-excerpt-more\" href=\"https:\/\/www.tucomarca.com\/wordpress\/segunda\/ca\/riba-roja-de-turia-aconsegueix-els-99-230-euros-en-les-ajudes-economiques-per-a-la-installacio-de-plaques-fotovoltaiques-en-habitatges-i-edificis-dautoconsum\/\" title=\"Riba-roja de T\u00faria aconsegueix els 99.230 euros en les ajudes econ\u00f2miques per a la instal\u00b7laci\u00f3 de plaques fotovoltaiques en habitatges i edificis d&#8217;autoconsum\">[+] <\/a><\/div>\n","protected":false},"author":12,"featured_media":139249,"comment_status":"open","ping_status":"open","sticky":false,"template":"","format":"standard","meta":{"footnotes":""},"categories":[10892,10948,10894,10903,10947,10906,10896],"tags":[18175,10899,15024],"class_list":{"0":"post-171090","1":"post","2":"type-post","3":"status-publish","4":"format-standard","5":"has-post-thumbnail","7":"category-camp-de-turia-ca","8":"category-infraestructuras-ca","9":"category-la-comarca-ca","10":"category-medio-ambiente-la-comarca-ca","11":"category-politica","12":"category-riba-roja-ca","13":"category-seccion-ca","14":"tag-ayudas-placas-fotovoltaicas-ca","15":"tag-camp-de-turia-ca","16":"tag-riba-roja-de-turia-ca"},"_links":{"self":[{"href":"https:\/\/www.tucomarca.com\/wordpress\/segunda\/ca\/wp-json\/wp\/v2\/posts\/171090","targetHints":{"allow":["GET"]}}],"collection":[{"href":"https:\/\/www.tucomarca.com\/wordpress\/segunda\/ca\/wp-json\/wp\/v2\/posts"}],"about":[{"href":"https:\/\/www.tucomarca.com\/wordpress\/segunda\/ca\/wp-json\/wp\/v2\/types\/post"}],"author":[{"embeddable":true,"href":"https:\/\/www.tucomarca.com\/wordpress\/segunda\/ca\/wp-json\/wp\/v2\/users\/12"}],"replies":[{"embeddable":true,"href":"https:\/\/www.tucomarca.com\/wordpress\/segunda\/ca\/wp-json\/wp\/v2\/comments?post=171090"}],"version-history":[{"count":0,"href":"https:\/\/www.tucomarca.com\/wordpress\/segunda\/ca\/wp-json\/wp\/v2\/posts\/171090\/revisions"}],"wp:featuredmedia":[{"embeddable":true,"href":"https:\/\/www.tucomarca.com\/wordpress\/segunda\/ca\/wp-json\/wp\/v2\/media\/139249"}],"wp:attachment":[{"href":"https:\/\/www.tucomarca.com\/wordpress\/segunda\/ca\/wp-json\/wp\/v2\/media?parent=171090"}],"wp:term":[{"taxonomy":"category","embeddable":true,"href":"https:\/\/www.tucomarca.com\/wordpress\/segunda\/ca\/wp-json\/wp\/v2\/categories?post=171090"},{"taxonomy":"post_tag","embeddable":true,"href":"https:\/\/www.tucomarca.com\/wordpress\/segunda\/ca\/wp-json\/wp\/v2\/tags?post=171090"}],"curies":[{"name":"wp","href":"https:\/\/api.w.org\/{rel}","templated":true}]}}