{"id":171100,"date":"2022-10-29T10:10:00","date_gmt":"2022-10-29T08:10:00","guid":{"rendered":"https:\/\/www.tucomarca.com\/wordpress\/segunda\/?p=171100"},"modified":"2022-10-30T10:59:08","modified_gmt":"2022-10-30T08:59:08","slug":"especialistes-de-lhospital-dalzira-recomanen-no-canviar-els-habits-de-somni-per-a-compensar-el-cansament-associat-al-canvi-dhora","status":"publish","type":"post","link":"https:\/\/www.tucomarca.com\/wordpress\/segunda\/ca\/especialistes-de-lhospital-dalzira-recomanen-no-canviar-els-habits-de-somni-per-a-compensar-el-cansament-associat-al-canvi-dhora\/","title":{"rendered":"Especialistes de l&#8217;Hospital d&#8217;Alzira recomanen no canviar els h\u00e0bits de somni per a compensar el cansament associat al canvi d&#8217;hora"},"content":{"rendered":"\n<h4 class=\"wp-block-heading\">Les persones de major edat i els xiquets i xiquets s\u00f3n els qui m\u00e9s acusen aquest tipus d&#8217;alteracions, mentre que els joves s\u00f3n menys sensibles a aquest canvi<\/h4>\n\n\n\n<h4 class=\"wp-block-heading\">Les persones expertes recomanen exposar-se a la llum matutina i evitar les migdiades llargues, aix\u00ed com l&#8217;excessiva il\u00b7luminaci\u00f3 abans d&#8217;anar-se al llit<\/h4>\n\n\n\n<p>Especialistes de la Unitat del Somni de l&#8217;Hospital Universitari de la Ribera recomanen no canviar els h\u00e0bits de somni durant aquests dies per a evitar el cansament o la somnol\u00e8ncia associada al canvi d&#8217;hora.<\/p>\n\n\n\n<p>En aquest sentit, els i les especialistes assenyalen que els canvis d&#8217;hora, com el que es produir\u00e0 aquest dissabte per a adoptar l&#8217;horari d&#8217;hivern, poden provocar alteracions del somni en determinades persones.<\/p>\n\n\n\n<p>Es tracta d&#8217;alteracions com a somnol\u00e8ncia i cansament di\u00fcrn que afecten de forma diferent de cada persona, en funci\u00f3 de les seues caracter\u00edstiques de somni; aquestes mol\u00e8sties cessen quan el rellotge biol\u00f2gic de cada persona s&#8217;adapta al rellotge oficial, si b\u00e9 poden allargar-se des d&#8217;una a diverses setmanes.<\/p>\n\n\n\n<p>Segons el cap del Servei de Neurofisiologia i de la Unitat del Somni de l&#8217;Hospital Universitari de la Ribera, Javier Puertas, \u201ces tracta d&#8217;alteracions semblants a les del jet-lag i s\u00f3n les persones majors i els xiquets i xiquetes els qui m\u00e9s acusen aquest tipus d&#8217;alteracions, mentre que els joves s\u00f3n menys sensibles a aquest canvi, ja que solen adaptar-se m\u00e9s r\u00e0pid\u201d.<\/p>\n\n\n\n<p>Aix\u00ed mateix, Portes ha afirmat que \u201cpersones que ja pateixen trastorns del son com a s\u00edndrome de cames inquietes o insomni, o els professionals que treballen a torns, poden veure&#8217;s m\u00e9s afectats per aquest canvi en l&#8217;horari\u201d.<\/p>\n\n\n\n<p>Aix\u00ed, davant el canvi d&#8217;horari, Portes recomana no canviar els h\u00e0bits de somni per a compensar el cansament o la somnol\u00e8ncia que es pot associar al canvi d&#8217;hora, i exposar-se a la llum matutina. A m\u00e9s, \u00e9s important evitar, per exemple, les migdiades llargues i l&#8217;excessiva il\u00b7luminaci\u00f3 abans d&#8217;anar-se al llit, \u201cque permeten adaptar el nostre rellotge biol\u00f2gic al canvi amb major celeritat\u201d, ha assenyalat.<\/p>\n\n\n\n<p><\/p>\n","protected":false},"excerpt":{"rendered":"<div class=\"mh-excerpt\">Les persones de major edat i els xiquets i xiquets s\u00f3n els qui m\u00e9s acusen aquest tipus d&#8217;alteracions, mentre que els joves s\u00f3n menys sensibles a aquest canvi Les persones expertes recomanen exposar-se a la <a class=\"mh-excerpt-more\" href=\"https:\/\/www.tucomarca.com\/wordpress\/segunda\/ca\/especialistes-de-lhospital-dalzira-recomanen-no-canviar-els-habits-de-somni-per-a-compensar-el-cansament-associat-al-canvi-dhora\/\" title=\"Especialistes de l&#8217;Hospital d&#8217;Alzira recomanen no canviar els h\u00e0bits de somni per a compensar el cansament associat al canvi d&#8217;hora\">[+] <\/a><\/div>\n","protected":false},"author":12,"featured_media":171099,"comment_status":"open","ping_status":"open","sticky":false,"template":"","format":"standard","meta":{"footnotes":""},"categories":[10889,11010,10894,10902,10896],"tags":[12838,12491,11356],"class_list":{"0":"post-171100","1":"post","2":"type-post","3":"status-publish","4":"format-standard","5":"has-post-thumbnail","7":"category-alzira-cat","8":"category-canal-salud","9":"category-la-comarca-ca","10":"category-la-ribera-ca","11":"category-seccion-ca","12":"tag-hospital-de-alzira-ca","13":"tag-hospital-de-la-ribera-ca","14":"tag-ribera-alta-ca"},"_links":{"self":[{"href":"https:\/\/www.tucomarca.com\/wordpress\/segunda\/ca\/wp-json\/wp\/v2\/posts\/171100","targetHints":{"allow":["GET"]}}],"collection":[{"href":"https:\/\/www.tucomarca.com\/wordpress\/segunda\/ca\/wp-json\/wp\/v2\/posts"}],"about":[{"href":"https:\/\/www.tucomarca.com\/wordpress\/segunda\/ca\/wp-json\/wp\/v2\/types\/post"}],"author":[{"embeddable":true,"href":"https:\/\/www.tucomarca.com\/wordpress\/segunda\/ca\/wp-json\/wp\/v2\/users\/12"}],"replies":[{"embeddable":true,"href":"https:\/\/www.tucomarca.com\/wordpress\/segunda\/ca\/wp-json\/wp\/v2\/comments?post=171100"}],"version-history":[{"count":0,"href":"https:\/\/www.tucomarca.com\/wordpress\/segunda\/ca\/wp-json\/wp\/v2\/posts\/171100\/revisions"}],"wp:featuredmedia":[{"embeddable":true,"href":"https:\/\/www.tucomarca.com\/wordpress\/segunda\/ca\/wp-json\/wp\/v2\/media\/171099"}],"wp:attachment":[{"href":"https:\/\/www.tucomarca.com\/wordpress\/segunda\/ca\/wp-json\/wp\/v2\/media?parent=171100"}],"wp:term":[{"taxonomy":"category","embeddable":true,"href":"https:\/\/www.tucomarca.com\/wordpress\/segunda\/ca\/wp-json\/wp\/v2\/categories?post=171100"},{"taxonomy":"post_tag","embeddable":true,"href":"https:\/\/www.tucomarca.com\/wordpress\/segunda\/ca\/wp-json\/wp\/v2\/tags?post=171100"}],"curies":[{"name":"wp","href":"https:\/\/api.w.org\/{rel}","templated":true}]}}