{"id":171123,"date":"2022-10-29T10:00:00","date_gmt":"2022-10-29T08:00:00","guid":{"rendered":"https:\/\/www.tucomarca.com\/wordpress\/segunda\/?p=171123"},"modified":"2022-10-30T10:52:14","modified_gmt":"2022-10-30T08:52:14","slug":"arranca-a-xest-la-huitena-edicio-del-gran-joc-dels-escacs","status":"publish","type":"post","link":"https:\/\/www.tucomarca.com\/wordpress\/segunda\/ca\/arranca-a-xest-la-huitena-edicio-del-gran-joc-dels-escacs\/","title":{"rendered":"Arranca a Xest la huitena edici\u00f3 del Gran Joc dels Escacs"},"content":{"rendered":"\n<p>Un any m\u00e9s els centres d&#8217;Educaci\u00f3 Prim\u00e0ria de la Xest participaran en el projecte El Gran Joc dels Escacs, impulsat des de la regidoria d&#8217;Educaci\u00f3 i dirigit pel jugador d&#8217;escacs Jos\u00e9 Miguel Martino Alonso, amb la col\u00b7laboraci\u00f3 del professorat dels col\u00b7legis.<br>El projecte ja compta amb set edicions a la seua esquena i ha arrancat aquest mes d&#8217;octubre amb l&#8217;octava, que es desenvolupar\u00e0 durant el curs escolar 2022-2023. En aquesta ocasi\u00f3 participar\u00e0 alumnat de 5\u00e9 i 6\u00e9 de Prim\u00e0ria del CEIP Francisco Giner dels Rius i de 6\u00e9 de Prim\u00e0ria del CEIP Vicente Blasco Ib\u00e1\u00f1ez, amb un total de 81 jugadors i jugadores. Setmana despr\u00e9s de setmanes l&#8217;alumnat anir\u00e0 avan\u00e7ant en el joc sota la coordinaci\u00f3 dels mestres i mestres Mercedes Moreno, Alfonso Gonz\u00e1lez, Consuelo S\u00e1nchez, Eva Mart\u00ednez i \u00c1lvaro Medrano; els qui es van reunir la setmana passada amb la regidora de Cultura, M\u00aa \u00c1ngeles Llorente, i amb Jos\u00e9 Miguel Martino per a ultimar els detalls d&#8217;aquesta edici\u00f3.<br>\u201cVull agrair als els centres la seua participaci\u00f3 i, sobretot, donar les gr\u00e0cies a Martino, perqu\u00e8 sense la seua intervenci\u00f3 seria impossible desenvolupar aquest projecte; ell \u00e9s qui l&#8217;ha dissenyat posant tota la seua saviesa al servei de la formaci\u00f3 del professorat i alumnat i qui estructura tot el projecte\u201d, declara la regidora d&#8217;Educaci\u00f3, M\u00aa \u00c1ngeles Llorente.<br>El Gran Joc dels Escacs \u00e9s un projecte multidisciplinari que planteja a l&#8217;alumnat reptes i problemes vinculats amb diferents mat\u00e8ries del curr\u00edculum, tenint com a eix vertebrador la pr\u00e0ctica dels escacs. \u201cEs tracta d&#8217;una activitat a trav\u00e9s de la que els xiquets i xiquetes desenvolupen capacitats b\u00e0siques i mitjan\u00e7ant la qual s&#8217;aprenen continguts de totes les \u00e0rees, ja siga hist\u00f2ria, literatura, art, matem\u00e0tiques o ci\u00e8ncies; per\u00f2 a m\u00e9s es milloren habilitats socials i de desenvolupament cognitiu, com l&#8217;atenci\u00f3, la concentraci\u00f3 o la mem\u00f2ria\u201d, destaca Llorente.<\/p>\n\n\n\n<p><\/p>\n","protected":false},"excerpt":{"rendered":"<div class=\"mh-excerpt\">Un any m\u00e9s els centres d&#8217;Educaci\u00f3 Prim\u00e0ria de la Xest participaran en el projecte El Gran Joc dels Escacs, impulsat des de la regidoria d&#8217;Educaci\u00f3 i dirigit pel jugador d&#8217;escacs Jos\u00e9 Miguel Martino Alonso, amb <a class=\"mh-excerpt-more\" href=\"https:\/\/www.tucomarca.com\/wordpress\/segunda\/ca\/arranca-a-xest-la-huitena-edicio-del-gran-joc-dels-escacs\/\" title=\"Arranca a Xest la huitena edici\u00f3 del Gran Joc dels Escacs\">[+] <\/a><\/div>\n","protected":false},"author":12,"featured_media":171125,"comment_status":"open","ping_status":"open","sticky":false,"template":"","format":"standard","meta":{"footnotes":""},"categories":[10894,10912,11007,10896,10974],"tags":[11071,12733,10914],"class_list":{"0":"post-171123","1":"post","2":"type-post","3":"status-publish","4":"format-standard","5":"has-post-thumbnail","7":"category-la-comarca-ca","8":"category-la-hoya-ca","9":"category-ocio-y-cultura-ca","10":"category-seccion-ca","11":"category-cheste-ca","12":"tag-cheste","13":"tag-el-gran-juego-del-ajedrez-ca","14":"tag-la-hoya-de-bunol-chiva-ca"},"_links":{"self":[{"href":"https:\/\/www.tucomarca.com\/wordpress\/segunda\/ca\/wp-json\/wp\/v2\/posts\/171123","targetHints":{"allow":["GET"]}}],"collection":[{"href":"https:\/\/www.tucomarca.com\/wordpress\/segunda\/ca\/wp-json\/wp\/v2\/posts"}],"about":[{"href":"https:\/\/www.tucomarca.com\/wordpress\/segunda\/ca\/wp-json\/wp\/v2\/types\/post"}],"author":[{"embeddable":true,"href":"https:\/\/www.tucomarca.com\/wordpress\/segunda\/ca\/wp-json\/wp\/v2\/users\/12"}],"replies":[{"embeddable":true,"href":"https:\/\/www.tucomarca.com\/wordpress\/segunda\/ca\/wp-json\/wp\/v2\/comments?post=171123"}],"version-history":[{"count":0,"href":"https:\/\/www.tucomarca.com\/wordpress\/segunda\/ca\/wp-json\/wp\/v2\/posts\/171123\/revisions"}],"wp:featuredmedia":[{"embeddable":true,"href":"https:\/\/www.tucomarca.com\/wordpress\/segunda\/ca\/wp-json\/wp\/v2\/media\/171125"}],"wp:attachment":[{"href":"https:\/\/www.tucomarca.com\/wordpress\/segunda\/ca\/wp-json\/wp\/v2\/media?parent=171123"}],"wp:term":[{"taxonomy":"category","embeddable":true,"href":"https:\/\/www.tucomarca.com\/wordpress\/segunda\/ca\/wp-json\/wp\/v2\/categories?post=171123"},{"taxonomy":"post_tag","embeddable":true,"href":"https:\/\/www.tucomarca.com\/wordpress\/segunda\/ca\/wp-json\/wp\/v2\/tags?post=171123"}],"curies":[{"name":"wp","href":"https:\/\/api.w.org\/{rel}","templated":true}]}}