{"id":171236,"date":"2022-11-02T13:00:00","date_gmt":"2022-11-02T11:00:00","guid":{"rendered":"https:\/\/www.tucomarca.com\/wordpress\/segunda\/?p=171236"},"modified":"2022-11-02T20:51:42","modified_gmt":"2022-11-02T18:51:42","slug":"el-mes-doctubre-ha-sigut-un-dels-mes-secs-dels-ultims-20-anys-a-la-comarca-de-requena-utiel","status":"publish","type":"post","link":"https:\/\/www.tucomarca.com\/wordpress\/segunda\/ca\/el-mes-doctubre-ha-sigut-un-dels-mes-secs-dels-ultims-20-anys-a-la-comarca-de-requena-utiel\/","title":{"rendered":"El mes d&#8217;octubre ha sigut un dels m\u00e9s secs dels \u00faltims 20 anys a la comarca de Requena-Utiel"},"content":{"rendered":"\n<p>El mes d&#8217;octubre passat pot qualificar-se com a &#8220;sec&#8221; a la comarca Requena-Utiel; perqu\u00e8 hi ha zones que a penes han recollit 7 litres per metre quadrat d&#8217;aigua de pluja. La quantitat mitjana per al conjunt de la comarca, ha sigut de 25 litres per metre quadrat, que representa la meitat de la quantitat habitual d&#8217;aquest mes.<br>Cal recordar que Octubre, juntament amb novembre, abril i maig s\u00f3n els quatre mesos m\u00e9s plujosos de l&#8217;any, a la comarca.<br>A excepci\u00f3 del municipi de Xera i zones de l&#8217;est del municipi de Requena, com \u00e9s el cas de la pedania del Rebollar, en la resta es registra des d&#8217;el mes d&#8217;abril passat un d\u00e8ficit pluviom\u00e8tric, que en les zones on menys ha plogut, aconsegueix el 30%. Informa, <strong>Luis Ib\u00e1\u00f1ez.<\/strong><\/p>\n\n\n\n<p><\/p>\n","protected":false},"excerpt":{"rendered":"<div class=\"mh-excerpt\">El mes d&#8217;octubre passat pot qualificar-se com a &#8220;sec&#8221; a la comarca Requena-Utiel; perqu\u00e8 hi ha zones que a penes han recollit 7 litres per metre quadrat d&#8217;aigua de pluja. La quantitat mitjana per al <a class=\"mh-excerpt-more\" href=\"https:\/\/www.tucomarca.com\/wordpress\/segunda\/ca\/el-mes-doctubre-ha-sigut-un-dels-mes-secs-dels-ultims-20-anys-a-la-comarca-de-requena-utiel\/\" title=\"El mes d&#8217;octubre ha sigut un dels m\u00e9s secs dels \u00faltims 20 anys a la comarca de Requena-Utiel\">[+] <\/a><\/div>\n","protected":false},"author":12,"featured_media":171235,"comment_status":"open","ping_status":"open","sticky":false,"template":"","format":"standard","meta":{"footnotes":""},"categories":[11054,10898,10948,10894,10903,10908,10909,10896],"tags":[11318,11099,10910],"class_list":{"0":"post-171236","1":"post","2":"type-post","3":"status-publish","4":"format-standard","5":"has-post-thumbnail","7":"category-chera-ca","8":"category-ventana-ca","9":"category-infraestructuras-ca","10":"category-la-comarca-ca","11":"category-medio-ambiente-la-comarca-ca","12":"category-requena-ca","13":"category-requena-utiel-ca","14":"category-seccion-ca","15":"tag-chera-ca","16":"tag-requena-ca","17":"tag-requena-utiel-ca"},"_links":{"self":[{"href":"https:\/\/www.tucomarca.com\/wordpress\/segunda\/ca\/wp-json\/wp\/v2\/posts\/171236","targetHints":{"allow":["GET"]}}],"collection":[{"href":"https:\/\/www.tucomarca.com\/wordpress\/segunda\/ca\/wp-json\/wp\/v2\/posts"}],"about":[{"href":"https:\/\/www.tucomarca.com\/wordpress\/segunda\/ca\/wp-json\/wp\/v2\/types\/post"}],"author":[{"embeddable":true,"href":"https:\/\/www.tucomarca.com\/wordpress\/segunda\/ca\/wp-json\/wp\/v2\/users\/12"}],"replies":[{"embeddable":true,"href":"https:\/\/www.tucomarca.com\/wordpress\/segunda\/ca\/wp-json\/wp\/v2\/comments?post=171236"}],"version-history":[{"count":0,"href":"https:\/\/www.tucomarca.com\/wordpress\/segunda\/ca\/wp-json\/wp\/v2\/posts\/171236\/revisions"}],"wp:featuredmedia":[{"embeddable":true,"href":"https:\/\/www.tucomarca.com\/wordpress\/segunda\/ca\/wp-json\/wp\/v2\/media\/171235"}],"wp:attachment":[{"href":"https:\/\/www.tucomarca.com\/wordpress\/segunda\/ca\/wp-json\/wp\/v2\/media?parent=171236"}],"wp:term":[{"taxonomy":"category","embeddable":true,"href":"https:\/\/www.tucomarca.com\/wordpress\/segunda\/ca\/wp-json\/wp\/v2\/categories?post=171236"},{"taxonomy":"post_tag","embeddable":true,"href":"https:\/\/www.tucomarca.com\/wordpress\/segunda\/ca\/wp-json\/wp\/v2\/tags?post=171236"}],"curies":[{"name":"wp","href":"https:\/\/api.w.org\/{rel}","templated":true}]}}