{"id":171307,"date":"2022-11-03T09:00:00","date_gmt":"2022-11-03T07:00:00","guid":{"rendered":"https:\/\/www.tucomarca.com\/wordpress\/segunda\/?p=171307"},"modified":"2022-11-03T13:11:18","modified_gmt":"2022-11-03T11:11:18","slug":"lassociacio-de-malalties-neurogenerativas-neu-de-bunyol-organitza-la-xarrada-com-cuidar-al-cuidador","status":"publish","type":"post","link":"https:\/\/www.tucomarca.com\/wordpress\/segunda\/ca\/lassociacio-de-malalties-neurogenerativas-neu-de-bunyol-organitza-la-xarrada-com-cuidar-al-cuidador\/","title":{"rendered":"L&#8217;Associaci\u00f3 de Malalties Neurogenerativas (Neu) de Bunyol organitza la xarrada &#8220;Com cuidar al cuidador&#8221;"},"content":{"rendered":"\n<p>L&#8217;Associaci\u00f3 de Malalties Neurogenerativas (Neu) de Bunyol organitza la xarrada &#8220;Com cuidar al cuidador&#8221; que tindr\u00e0 lloc dijous que ve, 10 de novembre, a les 18,00 hores, a la sala Raga de la Biblioteca Municipal de Bunyol i ser\u00e0 impartida per la treballadora social Sof\u00eda Ruiz Escriba i el psic\u00f2leg Jos\u00e9 Nolasco.<\/p>\n\n\n\n<p><\/p>\n","protected":false},"excerpt":{"rendered":"<div class=\"mh-excerpt\">L&#8217;Associaci\u00f3 de Malalties Neurogenerativas (Neu) de Bunyol organitza la xarrada &#8220;Com cuidar al cuidador&#8221; que tindr\u00e0 lloc dijous que ve, 10 de novembre, a les 18,00 hores, a la sala Raga de la Biblioteca Municipal <a class=\"mh-excerpt-more\" href=\"https:\/\/www.tucomarca.com\/wordpress\/segunda\/ca\/lassociacio-de-malalties-neurogenerativas-neu-de-bunyol-organitza-la-xarrada-com-cuidar-al-cuidador\/\" title=\"L&#8217;Associaci\u00f3 de Malalties Neurogenerativas (Neu) de Bunyol organitza la xarrada &#8220;Com cuidar al cuidador&#8221;\">[+] <\/a><\/div>\n","protected":false},"author":12,"featured_media":171305,"comment_status":"open","ping_status":"open","sticky":false,"template":"","format":"standard","meta":{"footnotes":""},"categories":[11019,10911,11010,10894,10912,10896],"tags":[18201,10913,10914],"class_list":{"0":"post-171307","1":"post","2":"type-post","3":"status-publish","4":"format-standard","5":"has-post-thumbnail","7":"category-agenda-ca","8":"category-bunol-ca","9":"category-canal-salud","10":"category-la-comarca-ca","11":"category-la-hoya-ca","12":"category-seccion-ca","13":"tag-asociacion-neu-ca","14":"tag-bunol-ca","15":"tag-la-hoya-de-bunol-chiva-ca"},"_links":{"self":[{"href":"https:\/\/www.tucomarca.com\/wordpress\/segunda\/ca\/wp-json\/wp\/v2\/posts\/171307","targetHints":{"allow":["GET"]}}],"collection":[{"href":"https:\/\/www.tucomarca.com\/wordpress\/segunda\/ca\/wp-json\/wp\/v2\/posts"}],"about":[{"href":"https:\/\/www.tucomarca.com\/wordpress\/segunda\/ca\/wp-json\/wp\/v2\/types\/post"}],"author":[{"embeddable":true,"href":"https:\/\/www.tucomarca.com\/wordpress\/segunda\/ca\/wp-json\/wp\/v2\/users\/12"}],"replies":[{"embeddable":true,"href":"https:\/\/www.tucomarca.com\/wordpress\/segunda\/ca\/wp-json\/wp\/v2\/comments?post=171307"}],"version-history":[{"count":0,"href":"https:\/\/www.tucomarca.com\/wordpress\/segunda\/ca\/wp-json\/wp\/v2\/posts\/171307\/revisions"}],"wp:featuredmedia":[{"embeddable":true,"href":"https:\/\/www.tucomarca.com\/wordpress\/segunda\/ca\/wp-json\/wp\/v2\/media\/171305"}],"wp:attachment":[{"href":"https:\/\/www.tucomarca.com\/wordpress\/segunda\/ca\/wp-json\/wp\/v2\/media?parent=171307"}],"wp:term":[{"taxonomy":"category","embeddable":true,"href":"https:\/\/www.tucomarca.com\/wordpress\/segunda\/ca\/wp-json\/wp\/v2\/categories?post=171307"},{"taxonomy":"post_tag","embeddable":true,"href":"https:\/\/www.tucomarca.com\/wordpress\/segunda\/ca\/wp-json\/wp\/v2\/tags?post=171307"}],"curies":[{"name":"wp","href":"https:\/\/api.w.org\/{rel}","templated":true}]}}