{"id":171342,"date":"2022-11-03T11:30:00","date_gmt":"2022-11-03T09:30:00","guid":{"rendered":"https:\/\/www.tucomarca.com\/wordpress\/segunda\/?p=171342"},"modified":"2022-11-04T02:37:25","modified_gmt":"2022-11-04T00:37:25","slug":"lajuntament-de-requena-millora-els-pipicanes-el-municipi","status":"publish","type":"post","link":"https:\/\/www.tucomarca.com\/wordpress\/segunda\/ca\/lajuntament-de-requena-millora-els-pipicanes-el-municipi\/","title":{"rendered":"L&#8217;Ajuntament de Requena millora els pipicanes el municipi"},"content":{"rendered":"\n<p>A Requena, han comen\u00e7at diverses obres de renovaci\u00f3 i millora en els pipicanes de la localitat, que estan dotades amb un pressupost de 52.030\u20ac que assumeix \u00edntegrament el consistori requenense.<br>En primer lloc, es procedir\u00e0 a instal\u00b7lar un nou pipic\u00e1n en la zona de Higuerillas. Per a aix\u00f2, s&#8217;aprofitar\u00e0 el terreny natural de la zona enjardinada amb acc\u00e9s directe des del carrer Higuerillas, realitzant un clos similar als pipicanes ja existents, mitjan\u00e7ant malla de simple torsi\u00f3, dotant-ho d&#8217;una porta doble de 3 metres d&#8217;ample que permeta l&#8217;acc\u00e9s de maquin\u00e0ria per al seu manteniment i una porta de 0,90 m per a acc\u00e9s per als vianants.<br>En el seu interior s&#8217;instal\u00b7laran un arenero per a gossos i dos pals per a lligar a les mascotes al costat dels bancs, a m\u00e9s d&#8217;un circuit &#8220;agility&#8221; compost per diversos obstacles d&#8217;activitat f\u00edsica per als cans (esl\u00e0lom, pont, salt, t\u00fanel, mur, balanceig i barrera).<br>En la ubicaci\u00f3 de l&#8217;actual pipic\u00e1n de Higuerillas, es desmuntar\u00e0 part del clos, concretament el tram corresponent a la fa\u00e7ana d&#8217;acc\u00e9s i es llevar\u00e0 la paperera met\u00e0l\u00b7lica per a mascotes, amb la finalitat de convertir aquest espai en una zona d&#8217;aparcament. Aix\u00ed mateix, es marcaran dos guals en les voreres existents per al pas de vehicles.<br>Pel que respecta a l&#8217;adequaci\u00f3 dels pipicanes existents, la soluci\u00f3 adoptada varia segons les condicions de cadascun, per\u00f2 b\u00e0sicament, es procedir\u00e0 a retirar tant les papereres com els bancs actuals que es troben en mal estat.<br>Posteriorment es realitzar\u00e0 un rebuig i desbrossament de tota la superf\u00edcie del pipic\u00e1n, eliminant les males herbes i condicionant el terreny.<br>Tamb\u00e9 es repassar\u00e0 tot el clos, reparant les zones deteriorades i s&#8217;afegir\u00e0 una porta de dues fulles de 3 m d&#8217;ampl\u00e0ria, amb la finalitat de facilitar l&#8217;acc\u00e9s de maquin\u00e0ria per al manteniment del pipic\u00e1n en q\u00fcesti\u00f3.<br>Aix\u00ed mateix, s&#8217;instal\u00b7lar\u00e0 un arenero per a gossos en cada pipic\u00e1n, amb la finalitat d&#8217;enriquir l&#8217;estada dels animals, aix\u00ed com noves papereres per a depositar en elles els excrements de les mascotes, i dos bancs en zona d&#8217;ombra en cada pipic\u00e1n perqu\u00e8 puguen descansar els amos dels gossos i facilitar aix\u00ed la seua estada en aquests empla\u00e7aments, col\u00b7locant al costat dels mateixos un pal per a lligar als cans en cas de ser necessari.<br>Finalment, es renovar\u00e0 l&#8217;enllumenat en aquells pipicanes que el requerisquen, com s\u00f3n el de l&#8217;Estaci\u00f3 i el de la Urbanitzaci\u00f3 San Jos\u00e9, reparant tamb\u00e9 la zona d&#8217;acc\u00e9s a aquest \u00faltim, mitjan\u00e7ant la demolici\u00f3 de l&#8217;actual caball\u00f3n de formig\u00f3 en l&#8217;entrada al cam\u00ed i la realitzaci\u00f3 d&#8217;una solera de formig\u00f3 en el tram del cam\u00ed des del carrer fins al final del clos. Informa, <strong>Luis Ib\u00e1\u00f1ez.<\/strong><\/p>\n\n\n\n<p><\/p>\n","protected":false},"excerpt":{"rendered":"<div class=\"mh-excerpt\">A Requena, han comen\u00e7at diverses obres de renovaci\u00f3 i millora en els pipicanes de la localitat, que estan dotades amb un pressupost de 52.030\u20ac que assumeix \u00edntegrament el consistori requenense.En primer lloc, es procedir\u00e0 a <a class=\"mh-excerpt-more\" href=\"https:\/\/www.tucomarca.com\/wordpress\/segunda\/ca\/lajuntament-de-requena-millora-els-pipicanes-el-municipi\/\" title=\"L&#8217;Ajuntament de Requena millora els pipicanes el municipi\">[+] <\/a><\/div>\n","protected":false},"author":12,"featured_media":171341,"comment_status":"open","ping_status":"open","sticky":false,"template":"","format":"standard","meta":{"footnotes":""},"categories":[10948,10894,10903,10908,10909,10896],"tags":[18209,11099,10910],"class_list":{"0":"post-171342","1":"post","2":"type-post","3":"status-publish","4":"format-standard","5":"has-post-thumbnail","7":"category-infraestructuras-ca","8":"category-la-comarca-ca","9":"category-medio-ambiente-la-comarca-ca","10":"category-requena-ca","11":"category-requena-utiel-ca","12":"category-seccion-ca","13":"tag-pipicanes-ca","14":"tag-requena-ca","15":"tag-requena-utiel-ca"},"_links":{"self":[{"href":"https:\/\/www.tucomarca.com\/wordpress\/segunda\/ca\/wp-json\/wp\/v2\/posts\/171342","targetHints":{"allow":["GET"]}}],"collection":[{"href":"https:\/\/www.tucomarca.com\/wordpress\/segunda\/ca\/wp-json\/wp\/v2\/posts"}],"about":[{"href":"https:\/\/www.tucomarca.com\/wordpress\/segunda\/ca\/wp-json\/wp\/v2\/types\/post"}],"author":[{"embeddable":true,"href":"https:\/\/www.tucomarca.com\/wordpress\/segunda\/ca\/wp-json\/wp\/v2\/users\/12"}],"replies":[{"embeddable":true,"href":"https:\/\/www.tucomarca.com\/wordpress\/segunda\/ca\/wp-json\/wp\/v2\/comments?post=171342"}],"version-history":[{"count":0,"href":"https:\/\/www.tucomarca.com\/wordpress\/segunda\/ca\/wp-json\/wp\/v2\/posts\/171342\/revisions"}],"wp:featuredmedia":[{"embeddable":true,"href":"https:\/\/www.tucomarca.com\/wordpress\/segunda\/ca\/wp-json\/wp\/v2\/media\/171341"}],"wp:attachment":[{"href":"https:\/\/www.tucomarca.com\/wordpress\/segunda\/ca\/wp-json\/wp\/v2\/media?parent=171342"}],"wp:term":[{"taxonomy":"category","embeddable":true,"href":"https:\/\/www.tucomarca.com\/wordpress\/segunda\/ca\/wp-json\/wp\/v2\/categories?post=171342"},{"taxonomy":"post_tag","embeddable":true,"href":"https:\/\/www.tucomarca.com\/wordpress\/segunda\/ca\/wp-json\/wp\/v2\/tags?post=171342"}],"curies":[{"name":"wp","href":"https:\/\/api.w.org\/{rel}","templated":true}]}}