{"id":171375,"date":"2022-11-04T09:00:00","date_gmt":"2022-11-04T07:00:00","guid":{"rendered":"https:\/\/www.tucomarca.com\/wordpress\/segunda\/?p=171375"},"modified":"2022-11-04T21:49:50","modified_gmt":"2022-11-04T19:49:50","slug":"el-club-handbol-bunyol-presenta-als-seus-equips-aquest-dissabte","status":"publish","type":"post","link":"https:\/\/www.tucomarca.com\/wordpress\/segunda\/ca\/el-club-handbol-bunyol-presenta-als-seus-equips-aquest-dissabte\/","title":{"rendered":"El Club Handbol Bunyol presenta als seus equips aquest dissabte&nbsp;"},"content":{"rendered":"\n<h4 class=\"wp-block-heading\">Quasi 100 xiquetes, xiquets i joves formen part del nou projecte del club<\/h4>\n\n\n\n<p>El Club Handbol Bunyol presenta aquest dissabte als seus equips per a la temporada 2022\/2023. Ho far\u00e0 a les 17h en el Pavell\u00f3 Municipal \u00abPablo Cus\u00ed Sierra\u00bb.<\/p>\n\n\n\n<p>Despr\u00e9s de dos anys sense poder celebrar-se, l&#8217;Handbol Bunyol, posar\u00e0 tota la carn a la graella aquest dissabte en la presentaci\u00f3. A m\u00e9s, els anys de la pand\u00e8mia han minvat molt als equips inferiors de l&#8217;entitat i fins i tot alguns havien desaparegut. Per\u00f2 amb el treball de la nova Junta Directiva i, sobretot, de la Direcci\u00f3 Esportiva, el club compte amb equips en totes les categories, fins i tot en benjamins hi ha dos conjunts a causa de l&#8217;alt nombre de xiquetes i xiquets que hi ha.<\/p>\n\n\n\n<p>A m\u00e9s, enguany amb les activitats formatives en els col\u00b7legis p\u00fablics de la localitat, l&#8217;handbol ha tornat a ser una alternativa que gaudeix de molt d&#8217;\u00e8xit en les activitats extraescolars del CEIP Sant Llu\u00eds i del CEIP Cervantes. Aquests xiquets i xiquetes tamb\u00e9 seran presents aquest dissabte en l&#8217;acte de presentaci\u00f3. Tamb\u00e9, el club s&#8217;est\u00e0 esfor\u00e7ant per recuperar l&#8217;equip femen\u00ed. De fet, hi ha un grup d&#8217;unes 12 joves que estan entrenant als ordes de Marta, i que est\u00e0 previst que comencen a competir la pr\u00f2xima temporada, per\u00f2 ja estan entrenant i jugaran algun partit amist\u00f3s enguany.<\/p>\n\n\n\n<p>Aix\u00ed doncs, quasi 100 xiquetes, xiquets i joves formen part aquest any del nou projecte esportiu del Club Handbol Bunyol, que dirigeix enguany Tito Wilson Suris Moscard\u00f3, despr\u00e9s de la marxa de Teo Pros. Al capdavant de l&#8217;entitat com a president segueix Pedro Vall\u00e9s, que enguany continua ajudant a l&#8217;equip s\u00e8nior en tasques t\u00e8cniques. El club ha preparat amb molta manyaga aquesta presentaci\u00f3 i vol agrair a les fam\u00edlies que continuen confiant en una organitzaci\u00f3 que porta promocionant l&#8217;handbol a Bunyol des de fa quasi 40 anys.<\/p>\n","protected":false},"excerpt":{"rendered":"<div class=\"mh-excerpt\">Quasi 100 xiquetes, xiquets i joves formen part del nou projecte del club El Club Handbol Bunyol presenta aquest dissabte als seus equips per a la temporada 2022\/2023. Ho far\u00e0 a les 17h en el <a class=\"mh-excerpt-more\" href=\"https:\/\/www.tucomarca.com\/wordpress\/segunda\/ca\/el-club-handbol-bunyol-presenta-als-seus-equips-aquest-dissabte\/\" title=\"El Club Handbol Bunyol presenta als seus equips aquest dissabte&nbsp;\">[+] <\/a><\/div>\n","protected":false},"author":12,"featured_media":171373,"comment_status":"open","ping_status":"open","sticky":false,"template":"","format":"standard","meta":{"footnotes":""},"categories":[10911,11003,10894,10912,11009,10896],"tags":[10913,11411,10914],"class_list":{"0":"post-171375","1":"post","2":"type-post","3":"status-publish","4":"format-standard","5":"has-post-thumbnail","7":"category-bunol-ca","8":"category-sports","9":"category-la-comarca-ca","10":"category-la-hoya-ca","11":"category-polideportivo-ca","12":"category-seccion-ca","13":"tag-bunol-ca","14":"tag-club-balonmano-bunol-ca","15":"tag-la-hoya-de-bunol-chiva-ca"},"_links":{"self":[{"href":"https:\/\/www.tucomarca.com\/wordpress\/segunda\/ca\/wp-json\/wp\/v2\/posts\/171375","targetHints":{"allow":["GET"]}}],"collection":[{"href":"https:\/\/www.tucomarca.com\/wordpress\/segunda\/ca\/wp-json\/wp\/v2\/posts"}],"about":[{"href":"https:\/\/www.tucomarca.com\/wordpress\/segunda\/ca\/wp-json\/wp\/v2\/types\/post"}],"author":[{"embeddable":true,"href":"https:\/\/www.tucomarca.com\/wordpress\/segunda\/ca\/wp-json\/wp\/v2\/users\/12"}],"replies":[{"embeddable":true,"href":"https:\/\/www.tucomarca.com\/wordpress\/segunda\/ca\/wp-json\/wp\/v2\/comments?post=171375"}],"version-history":[{"count":0,"href":"https:\/\/www.tucomarca.com\/wordpress\/segunda\/ca\/wp-json\/wp\/v2\/posts\/171375\/revisions"}],"wp:featuredmedia":[{"embeddable":true,"href":"https:\/\/www.tucomarca.com\/wordpress\/segunda\/ca\/wp-json\/wp\/v2\/media\/171373"}],"wp:attachment":[{"href":"https:\/\/www.tucomarca.com\/wordpress\/segunda\/ca\/wp-json\/wp\/v2\/media?parent=171375"}],"wp:term":[{"taxonomy":"category","embeddable":true,"href":"https:\/\/www.tucomarca.com\/wordpress\/segunda\/ca\/wp-json\/wp\/v2\/categories?post=171375"},{"taxonomy":"post_tag","embeddable":true,"href":"https:\/\/www.tucomarca.com\/wordpress\/segunda\/ca\/wp-json\/wp\/v2\/tags?post=171375"}],"curies":[{"name":"wp","href":"https:\/\/api.w.org\/{rel}","templated":true}]}}