{"id":171462,"date":"2022-11-07T12:00:00","date_gmt":"2022-11-07T10:00:00","guid":{"rendered":"https:\/\/www.tucomarca.com\/wordpress\/segunda\/?p=171462"},"modified":"2022-11-07T20:05:29","modified_gmt":"2022-11-07T18:05:29","slug":"lajuntament-critica-la-deixadesa-i-falta-dinversio-del-consell-a-benaguasil","status":"publish","type":"post","link":"https:\/\/www.tucomarca.com\/wordpress\/segunda\/ca\/lajuntament-critica-la-deixadesa-i-falta-dinversio-del-consell-a-benaguasil\/","title":{"rendered":"L&#8217;Ajuntament critica la &#8220;deixadesa i falta d&#8217;inversi\u00f3&#8221; del Consell a Benaguasil"},"content":{"rendered":"\n<h4 class=\"wp-block-heading\">L&#8217;alcalde critica que el pressupost del govern auton\u00f2mic dedique a penes a Benaguasil 3,50 euros per habitant en 2023.<\/h4>\n\n\n\n<h4 class=\"wp-block-heading\">L&#8217;Ajuntament va demanar a la Generalitat incloure en els comptes de 2023 una s\u00e8rie d&#8217;inversions entre les quals destaca la finalitzaci\u00f3 de la CV-50.&nbsp;<\/h4>\n\n\n\n<h4 class=\"wp-block-heading\">L&#8217;Ajuntament de Benaguasil ha criticat els pressupostos de la Generalitat Valenciana del pr\u00f2xim any&nbsp;despr\u00e9s de con\u00e9ixer la &#8220;nul\u00b7la&#8221; inversi\u00f3 de l&#8217;administraci\u00f3 auton\u00f2mica destinada a Benaguasil.<\/h4>\n\n\n\n<p>En una primera valoraci\u00f3 l&#8217;alcalde Ximo Segarra ha titllat de &#8220;vergonya&#8221; que la inversi\u00f3 que el Consell preveu fer en el municipi en 2023 \u00e9s de 40.000 euros, la qual cosa equival a 3,5 euros per habitant; una xifra que en la comparativa amb poblacions de l&#8217;entorn est\u00e0 molt per davall dels 421 euros per habitant de Lliria o els 207,25 euros de Riba-roja de T\u00faria.<\/p>\n\n\n\n<p>Segarra ha denunciat la falta d&#8217;inversions que des de fa anys pateix Benaguasil per part de l&#8217;administraci\u00f3 auton\u00f2mica i ha criticat que aquests comptes paralitzen novament la finalitzaci\u00f3 de la CV-50, una infraestructura b\u00e0sica i essencial per a Benaguasil i el Camp de T\u00faria. &#8220;Un any m\u00e9s tenim uns pressupostos decebedors i que perjudiquen no sols el nostre municipi sin\u00f3 a la nostra comarca, ja que a l&#8217;hora de repartir els recursos no estem entre les prioritats del govern de la Generalitat que, destina a Benaguasil un 0,187% de la inversi\u00f3 total i que tanca els ulls davant unes necessitats que coneix i que estan profundament fonamentades&#8221;.<\/p>\n\n\n\n<p>En aquesta l\u00ednia i despr\u00e9s de con\u00e9ixer els comptes, el primer edil ha apuntat que el pressupost &#8220;\u00e9s vergony\u00f3s i suposa una falta de respecte i una aixecada de camisa a Benaguasil&#8221; i ha anunciat que presentaran esmenes en les Corts perqu\u00e8 inversions estrat\u00e8giques per a Benaguasil formen part dels pressupostos del 2023.<\/p>\n\n\n\n<p><\/p>\n","protected":false},"excerpt":{"rendered":"<div class=\"mh-excerpt\">L&#8217;alcalde critica que el pressupost del govern auton\u00f2mic dedique a penes a Benaguasil 3,50 euros per habitant en 2023. L&#8217;Ajuntament va demanar a la Generalitat incloure en els comptes de 2023 una s\u00e8rie d&#8217;inversions entre <a class=\"mh-excerpt-more\" href=\"https:\/\/www.tucomarca.com\/wordpress\/segunda\/ca\/lajuntament-critica-la-deixadesa-i-falta-dinversio-del-consell-a-benaguasil\/\" title=\"L&#8217;Ajuntament critica la &#8220;deixadesa i falta d&#8217;inversi\u00f3&#8221; del Consell a Benaguasil\">[+] <\/a><\/div>\n","protected":false},"author":12,"featured_media":171460,"comment_status":"open","ping_status":"open","sticky":false,"template":"","format":"standard","meta":{"footnotes":""},"categories":[10952,10892,10948,10894,10947,10896],"tags":[18215,11136,10899],"class_list":{"0":"post-171462","1":"post","2":"type-post","3":"status-publish","4":"format-standard","5":"has-post-thumbnail","7":"category-benaguasil-ca","8":"category-camp-de-turia-ca","9":"category-infraestructuras-ca","10":"category-la-comarca-ca","11":"category-politica","12":"category-seccion-ca","13":"tag-ayuntamiento-de-benaguasil-ca","14":"tag-benaguasil-ca","15":"tag-camp-de-turia-ca"},"_links":{"self":[{"href":"https:\/\/www.tucomarca.com\/wordpress\/segunda\/ca\/wp-json\/wp\/v2\/posts\/171462","targetHints":{"allow":["GET"]}}],"collection":[{"href":"https:\/\/www.tucomarca.com\/wordpress\/segunda\/ca\/wp-json\/wp\/v2\/posts"}],"about":[{"href":"https:\/\/www.tucomarca.com\/wordpress\/segunda\/ca\/wp-json\/wp\/v2\/types\/post"}],"author":[{"embeddable":true,"href":"https:\/\/www.tucomarca.com\/wordpress\/segunda\/ca\/wp-json\/wp\/v2\/users\/12"}],"replies":[{"embeddable":true,"href":"https:\/\/www.tucomarca.com\/wordpress\/segunda\/ca\/wp-json\/wp\/v2\/comments?post=171462"}],"version-history":[{"count":0,"href":"https:\/\/www.tucomarca.com\/wordpress\/segunda\/ca\/wp-json\/wp\/v2\/posts\/171462\/revisions"}],"wp:featuredmedia":[{"embeddable":true,"href":"https:\/\/www.tucomarca.com\/wordpress\/segunda\/ca\/wp-json\/wp\/v2\/media\/171460"}],"wp:attachment":[{"href":"https:\/\/www.tucomarca.com\/wordpress\/segunda\/ca\/wp-json\/wp\/v2\/media?parent=171462"}],"wp:term":[{"taxonomy":"category","embeddable":true,"href":"https:\/\/www.tucomarca.com\/wordpress\/segunda\/ca\/wp-json\/wp\/v2\/categories?post=171462"},{"taxonomy":"post_tag","embeddable":true,"href":"https:\/\/www.tucomarca.com\/wordpress\/segunda\/ca\/wp-json\/wp\/v2\/tags?post=171462"}],"curies":[{"name":"wp","href":"https:\/\/api.w.org\/{rel}","templated":true}]}}