{"id":171691,"date":"2022-11-09T14:00:00","date_gmt":"2022-11-09T12:00:00","guid":{"rendered":"https:\/\/www.tucomarca.com\/wordpress\/segunda\/?p=171691"},"modified":"2022-11-09T22:21:47","modified_gmt":"2022-11-09T20:21:47","slug":"video-detingut-a-xiva-amb-14-quilos-de-cocaina-i-una-plantacio-de-marihuana-a-la-seua-casa","status":"publish","type":"post","link":"https:\/\/www.tucomarca.com\/wordpress\/segunda\/ca\/video-detingut-a-xiva-amb-14-quilos-de-cocaina-i-una-plantacio-de-marihuana-a-la-seua-casa\/","title":{"rendered":"V\u00eddeo: detingut a Xiva amb 14 quilos de coca\u00efna i una plantaci\u00f3 de marihuana a la seua casa"},"content":{"rendered":"\n<figure class=\"wp-block-embed is-type-video is-provider-youtube wp-block-embed-youtube wp-embed-aspect-16-9 wp-has-aspect-ratio\"><div class=\"wp-block-embed__wrapper\">\n<iframe loading=\"lazy\" title=\"V\u00eddeo: detienen en Chiva a un hombre con 14 kg de coca\u00edna y una plantaci\u00f3n de marihuana en su casa\" width=\"500\" height=\"281\" src=\"https:\/\/www.youtube.com\/embed\/wACSZ-wsXZs?feature=oembed\" frameborder=\"0\" allow=\"accelerometer; autoplay; clipboard-write; encrypted-media; gyroscope; picture-in-picture; web-share\" referrerpolicy=\"strict-origin-when-cross-origin\" allowfullscreen><\/iframe>\n<\/div><\/figure>\n\n\n\n<p>Agents de la Gu\u00e0rdia Civil i de la Policia Nacional i han detingut en una operaci\u00f3 conjunta en la localitat de Xiva a un home de 54 anys, d&#8217;origen espanyol, com a presumpte autor d&#8217;un delicte contra la salut p\u00fablica, despr\u00e9s d&#8217;intervindre en el seu domicili m\u00e9s de 14 quilos de pel que sembla coca\u00efna, a m\u00e9s de localitzar una plantaci\u00f3 de marihuana amb 360 plantes i 922 cabdells.<\/p>\n","protected":false},"excerpt":{"rendered":"<div class=\"mh-excerpt\">Agents de la Gu\u00e0rdia Civil i de la Policia Nacional i han detingut en una operaci\u00f3 conjunta en la localitat de Xiva a un home de 54 anys, d&#8217;origen espanyol, com a presumpte autor d&#8217;un <a class=\"mh-excerpt-more\" href=\"https:\/\/www.tucomarca.com\/wordpress\/segunda\/ca\/video-detingut-a-xiva-amb-14-quilos-de-cocaina-i-una-plantacio-de-marihuana-a-la-seua-casa\/\" title=\"V\u00eddeo: detingut a Xiva amb 14 quilos de coca\u00efna i una plantaci\u00f3 de marihuana a la seua casa\">[+] <\/a><\/div>\n","protected":false},"author":1,"featured_media":171689,"comment_status":"open","ping_status":"open","sticky":false,"template":"","format":"video","meta":{"footnotes":""},"categories":[10898,10948,10894,10904,10912,10896,10897,11062,10975],"tags":[11195,18240,17107,11118,10914,12921],"class_list":{"0":"post-171691","1":"post","2":"type-post","3":"status-publish","4":"format-video","5":"has-post-thumbnail","7":"category-ventana-ca","8":"category-infraestructuras-ca","9":"category-la-comarca-ca","10":"category-sin-categorizar-ca","11":"category-la-hoya-ca","12":"category-seccion-ca","13":"category-sucesos-la-comarca-ca","14":"category-videos","15":"category-chiva-ca","16":"tag-chiva-ca","17":"tag-cocaina-ca","18":"tag-detenido-ca","19":"tag-guardia-civil-ca","20":"tag-la-hoya-de-bunol-chiva-ca","21":"tag-marihuana-ca","22":"post_format-post-format-video"},"_links":{"self":[{"href":"https:\/\/www.tucomarca.com\/wordpress\/segunda\/ca\/wp-json\/wp\/v2\/posts\/171691","targetHints":{"allow":["GET"]}}],"collection":[{"href":"https:\/\/www.tucomarca.com\/wordpress\/segunda\/ca\/wp-json\/wp\/v2\/posts"}],"about":[{"href":"https:\/\/www.tucomarca.com\/wordpress\/segunda\/ca\/wp-json\/wp\/v2\/types\/post"}],"author":[{"embeddable":true,"href":"https:\/\/www.tucomarca.com\/wordpress\/segunda\/ca\/wp-json\/wp\/v2\/users\/1"}],"replies":[{"embeddable":true,"href":"https:\/\/www.tucomarca.com\/wordpress\/segunda\/ca\/wp-json\/wp\/v2\/comments?post=171691"}],"version-history":[{"count":0,"href":"https:\/\/www.tucomarca.com\/wordpress\/segunda\/ca\/wp-json\/wp\/v2\/posts\/171691\/revisions"}],"wp:featuredmedia":[{"embeddable":true,"href":"https:\/\/www.tucomarca.com\/wordpress\/segunda\/ca\/wp-json\/wp\/v2\/media\/171689"}],"wp:attachment":[{"href":"https:\/\/www.tucomarca.com\/wordpress\/segunda\/ca\/wp-json\/wp\/v2\/media?parent=171691"}],"wp:term":[{"taxonomy":"category","embeddable":true,"href":"https:\/\/www.tucomarca.com\/wordpress\/segunda\/ca\/wp-json\/wp\/v2\/categories?post=171691"},{"taxonomy":"post_tag","embeddable":true,"href":"https:\/\/www.tucomarca.com\/wordpress\/segunda\/ca\/wp-json\/wp\/v2\/tags?post=171691"}],"curies":[{"name":"wp","href":"https:\/\/api.w.org\/{rel}","templated":true}]}}