{"id":172287,"date":"2022-11-15T10:00:00","date_gmt":"2022-11-15T08:00:00","guid":{"rendered":"https:\/\/www.tucomarca.com\/wordpress\/segunda\/?p=172287"},"modified":"2022-11-15T19:59:40","modified_gmt":"2022-11-15T17:59:40","slug":"el-cd-bunyol-ascendeix-al-quart-lloc-despres-de-la-seua-victoria-enfront-de-lunio-benetusser-favara-cf-0-2","status":"publish","type":"post","link":"https:\/\/www.tucomarca.com\/wordpress\/segunda\/ca\/el-cd-bunyol-ascendeix-al-quart-lloc-despres-de-la-seua-victoria-enfront-de-lunio-benetusser-favara-cf-0-2\/","title":{"rendered":"El CD Bunyol ascendeix al quart lloc despr\u00e9s de la seua vict\u00f2ria enfront de l&#8217;Uni\u00f3 Benet\u00fasser Favara CF (0-2)"},"content":{"rendered":"\n<p>El Club Esportiu Bunyol continua escalant posats en la taula i acostant-se fins als quals donen dret a jugar la promoci\u00f3 d&#8217;ascens a Tercera Divisi\u00f3 despr\u00e9s de la seua \u00faltima vict\u00f2ria a domicili enfront de l&#8217;Uni\u00f3 Benet\u00fasser Favara per zero gols a 2. <\/p>\n\n\n\n<p>Els blancs han tornat a sumar de tres en el seu \u00faltim enfrontament gr\u00e0cies als gols de Ra\u00fal Vilar, materialitzat al caient del descans, concretament en el minut 43; i de Santi, ja en el temps de descompte i per a sentenciar el partit. <\/p>\n\n\n\n<p>El CD Bunyol se situa ara en el quart lloc de la taula del egon grup de Regional Preferent gr\u00e0cies als seus 21 punts, 7 menys que el primer classificat, el CD Utiel; a un punt del Riba-roja de T\u00faria CF i a dos del Paiporta CF. <\/p>\n\n\n\n<p>No obstant aix\u00f2, al CD Bunyol li segueixen de prop el Manises CF, amb els mateixos punts que els blancs per\u00f2 amb una difer\u00e8ncia de gols a favor de 6 en lloc dels 10 amb els quals compta el CD Bunyol; aix\u00ed com la UE l&#8217;Alcudia amb un punt menys i el SC Requena, situat en el lloc set\u00e9, amb dos punts menys.<\/p>\n","protected":false},"excerpt":{"rendered":"<div class=\"mh-excerpt\">El Club Esportiu Bunyol continua escalant posats en la taula i acostant-se fins als quals donen dret a jugar la promoci\u00f3 d&#8217;ascens a Tercera Divisi\u00f3 despr\u00e9s de la seua \u00faltima vict\u00f2ria a domicili enfront de <a class=\"mh-excerpt-more\" href=\"https:\/\/www.tucomarca.com\/wordpress\/segunda\/ca\/el-cd-bunyol-ascendeix-al-quart-lloc-despres-de-la-seua-victoria-enfront-de-lunio-benetusser-favara-cf-0-2\/\" title=\"El CD Bunyol ascendeix al quart lloc despr\u00e9s de la seua vict\u00f2ria enfront de l&#8217;Uni\u00f3 Benet\u00fasser Favara CF (0-2)\">[+] <\/a><\/div>\n","protected":false},"author":1,"featured_media":172229,"comment_status":"open","ping_status":"open","sticky":false,"template":"","format":"standard","meta":{"footnotes":""},"categories":[10911,11015,11003,10912,10896],"tags":[11126,11075,10914],"class_list":{"0":"post-172287","1":"post","2":"type-post","3":"status-publish","4":"format-standard","5":"has-post-thumbnail","7":"category-bunol-ca","8":"category-canal-futbol","9":"category-sports","10":"category-la-hoya-ca","11":"category-seccion-ca","12":"tag-cd-bunol-ca","13":"tag-futbol-ca","14":"tag-la-hoya-de-bunol-chiva-ca"},"_links":{"self":[{"href":"https:\/\/www.tucomarca.com\/wordpress\/segunda\/ca\/wp-json\/wp\/v2\/posts\/172287","targetHints":{"allow":["GET"]}}],"collection":[{"href":"https:\/\/www.tucomarca.com\/wordpress\/segunda\/ca\/wp-json\/wp\/v2\/posts"}],"about":[{"href":"https:\/\/www.tucomarca.com\/wordpress\/segunda\/ca\/wp-json\/wp\/v2\/types\/post"}],"author":[{"embeddable":true,"href":"https:\/\/www.tucomarca.com\/wordpress\/segunda\/ca\/wp-json\/wp\/v2\/users\/1"}],"replies":[{"embeddable":true,"href":"https:\/\/www.tucomarca.com\/wordpress\/segunda\/ca\/wp-json\/wp\/v2\/comments?post=172287"}],"version-history":[{"count":0,"href":"https:\/\/www.tucomarca.com\/wordpress\/segunda\/ca\/wp-json\/wp\/v2\/posts\/172287\/revisions"}],"wp:featuredmedia":[{"embeddable":true,"href":"https:\/\/www.tucomarca.com\/wordpress\/segunda\/ca\/wp-json\/wp\/v2\/media\/172229"}],"wp:attachment":[{"href":"https:\/\/www.tucomarca.com\/wordpress\/segunda\/ca\/wp-json\/wp\/v2\/media?parent=172287"}],"wp:term":[{"taxonomy":"category","embeddable":true,"href":"https:\/\/www.tucomarca.com\/wordpress\/segunda\/ca\/wp-json\/wp\/v2\/categories?post=172287"},{"taxonomy":"post_tag","embeddable":true,"href":"https:\/\/www.tucomarca.com\/wordpress\/segunda\/ca\/wp-json\/wp\/v2\/tags?post=172287"}],"curies":[{"name":"wp","href":"https:\/\/api.w.org\/{rel}","templated":true}]}}