{"id":172951,"date":"2022-11-24T08:21:00","date_gmt":"2022-11-24T06:21:00","guid":{"rendered":"https:\/\/www.tucomarca.com\/wordpress\/segunda\/?p=172951"},"modified":"2022-11-24T16:48:49","modified_gmt":"2022-11-24T14:48:49","slug":"alumnat-de-xest-participa-en-la-setmana-europea-de-la-reduccio-de-residus","status":"publish","type":"post","link":"https:\/\/www.tucomarca.com\/wordpress\/segunda\/ca\/alumnat-de-xest-participa-en-la-setmana-europea-de-la-reduccio-de-residus\/","title":{"rendered":"Alumnat de Xest participa en la Setmana Europea de la Reducci\u00f3 de Residus"},"content":{"rendered":"\n<p>Durant tota aquesta setmana, alumnat d&#8217;Infantil i Prim\u00e0ria del CEIP Francisco Giner dels Rius est\u00e0 realitzant tallers en el marc de la celebraci\u00f3 de la Setmana Europea de la Reducci\u00f3 de Residus &#8211; EWWR (European Week for Waste Reduction), una iniciativa europea que s&#8217;est\u00e0 desenvolupant entre el 19 i el 25 de novembre de 2022 per a dur a terme accions de conscienciaci\u00f3 sobre la gesti\u00f3 sostenible dels recursos i els residus.<\/p>\n\n\n\n<figure class=\"wp-block-gallery has-nested-images columns-default is-cropped wp-block-gallery-1 is-layout-flex wp-block-gallery-is-layout-flex\">\n<figure class=\"wp-block-image size-large\"><img loading=\"lazy\" decoding=\"async\" width=\"886\" height=\"663\" data-id=\"172945\" src=\"http:\/\/www.tucomarca.com\/wordpress\/segunda\/wp-content\/uploads\/2022\/11\/Cheste_SemanaEuropeaResiduos_2.jpg\" alt=\"\" class=\"wp-image-172945\" srcset=\"https:\/\/www.tucomarca.com\/wordpress\/segunda\/wp-content\/uploads\/2022\/11\/Cheste_SemanaEuropeaResiduos_2.jpg 886w, https:\/\/www.tucomarca.com\/wordpress\/segunda\/wp-content\/uploads\/2022\/11\/Cheste_SemanaEuropeaResiduos_2-300x224.jpg 300w, https:\/\/www.tucomarca.com\/wordpress\/segunda\/wp-content\/uploads\/2022\/11\/Cheste_SemanaEuropeaResiduos_2-768x575.jpg 768w, https:\/\/www.tucomarca.com\/wordpress\/segunda\/wp-content\/uploads\/2022\/11\/Cheste_SemanaEuropeaResiduos_2-326x245.jpg 326w, https:\/\/www.tucomarca.com\/wordpress\/segunda\/wp-content\/uploads\/2022\/11\/Cheste_SemanaEuropeaResiduos_2-80x60.jpg 80w\" sizes=\"auto, (max-width: 886px) 100vw, 886px\" \/><\/figure>\n\n\n\n<figure class=\"wp-block-image size-large\"><img loading=\"lazy\" decoding=\"async\" width=\"886\" height=\"652\" data-id=\"172943\" src=\"http:\/\/www.tucomarca.com\/wordpress\/segunda\/wp-content\/uploads\/2022\/11\/Cheste_SemanaEuropeaResiduos_7.jpg\" alt=\"\" class=\"wp-image-172943\" srcset=\"https:\/\/www.tucomarca.com\/wordpress\/segunda\/wp-content\/uploads\/2022\/11\/Cheste_SemanaEuropeaResiduos_7.jpg 886w, https:\/\/www.tucomarca.com\/wordpress\/segunda\/wp-content\/uploads\/2022\/11\/Cheste_SemanaEuropeaResiduos_7-300x221.jpg 300w, https:\/\/www.tucomarca.com\/wordpress\/segunda\/wp-content\/uploads\/2022\/11\/Cheste_SemanaEuropeaResiduos_7-768x565.jpg 768w, https:\/\/www.tucomarca.com\/wordpress\/segunda\/wp-content\/uploads\/2022\/11\/Cheste_SemanaEuropeaResiduos_7-80x60.jpg 80w\" sizes=\"auto, (max-width: 886px) 100vw, 886px\" \/><\/figure>\n<\/figure>\n\n\n\n<p>Els tallers amb escolars estan sent guiats per Sandra Fraile, educadora ambiental de l&#8217;Ajuntament de Xest; i per Marta Riera i Alba Hern\u00e1ndez, educadores ambientals de la Mancomunitat Foia de Bunyol-Xiva. \u201cAquests tallers han sigut promoguts i organitzats des de la regidoria de Medi Ambient de l&#8217;Ajuntament de Xest i s&#8217;han emmarcat en un projecte de centre, ja que al juny enviem una proposta d&#8217;activitats a tots col\u00b7legis de Xest i cadascun va triar la que m\u00e9s li agradava per a realitzar al llarg del curs. En aquest cas, el Giner va triar diversos tallers per a celebrar el que han denominat Setmana europea de la prevenci\u00f3 de residus\u201d, explica el regidor de Medi Ambient, David Pujals.<\/p>\n\n\n\n<p>Aix\u00ed, al llarg de tota la setmana els xiquets i xiquetes estan realitzant activitats relacionades amb la correcta gesti\u00f3 de residus, els impactes negatius en el medi ambient ocasionats per mals h\u00e0bits de consum, l&#8217;adquisici\u00f3 de bons h\u00e0bits o la prevenci\u00f3 de residus. Les formadores, a trav\u00e9s de tallers i din\u00e0miques, tamb\u00e9 han presentat a l&#8217;alumnat altres usos dels residus, com pot ser el compostatge o la reutilitzaci\u00f3; i durant aquests dies tot el personal i alumnat del col\u00b7legi est\u00e0 realitzant \u201cEsmorzars Zero Residus\u201d.&nbsp;<\/p>\n\n\n\n<p>A m\u00e9s, dimarts passat, 22 de novembre, l&#8217;alumnat de primer cicle va participar en l&#8217;activitat &#8220;L&#8217;albufera comen\u00e7a ac\u00ed\u201d, mitjan\u00e7ant la qual, fent \u00fas de plantilles, van pintar animals de l&#8217;Albufera en espais pr\u00f2xims al clavegueram p\u00fablic per a conscienciar al ve\u00efnat de la import\u00e0ncia de no llan\u00e7ar residus al s\u00f2l que poden acabar colant-se per les reixetes dels embornals. D&#8217;altra banda, dem\u00e0, divendres 25 de novembre, els alumnes i alumnes de tercer cicle de Prim\u00e0ria visitaran la Planta de Tractament de Residus S\u00f2lids Urbans del Consorci Val\u00e8ncia Interior, situada a Ll\u00edria.<\/p>\n\n\n\n<p>\u201cEl nostre objectiu \u00e9s sensibilitzar a la poblaci\u00f3 sobre la import\u00e0ncia de no generar residus innecessaris i conscienciar sobre la import\u00e0ncia de no generar-los i d&#8217;adquirir h\u00e0bits de consum sostenibles; a m\u00e9s d&#8217;informar sobre totes les alternatives respectuoses amb el medi ambient a l&#8217;hora de, per exemple, alimentar-nos o transportar-nos\u201d, ha concl\u00f2s Pujals.<\/p>\n","protected":false},"excerpt":{"rendered":"<div class=\"mh-excerpt\">Durant tota aquesta setmana, alumnat d&#8217;Infantil i Prim\u00e0ria del CEIP Francisco Giner dels Rius est\u00e0 realitzant tallers en el marc de la celebraci\u00f3 de la Setmana Europea de la Reducci\u00f3 de Residus &#8211; EWWR (European <a class=\"mh-excerpt-more\" href=\"https:\/\/www.tucomarca.com\/wordpress\/segunda\/ca\/alumnat-de-xest-participa-en-la-setmana-europea-de-la-reduccio-de-residus\/\" title=\"Alumnat de Xest participa en la Setmana Europea de la Reducci\u00f3 de Residus\">[+] <\/a><\/div>\n","protected":false},"author":12,"featured_media":172948,"comment_status":"open","ping_status":"open","sticky":false,"template":"","format":"standard","meta":{"footnotes":""},"categories":[10948,10894,10912,10903,11007,10896,10974],"tags":[11071,11305,10914],"class_list":{"0":"post-172951","1":"post","2":"type-post","3":"status-publish","4":"format-standard","5":"has-post-thumbnail","7":"category-infraestructuras-ca","8":"category-la-comarca-ca","9":"category-la-hoya-ca","10":"category-medio-ambiente-la-comarca-ca","11":"category-ocio-y-cultura-ca","12":"category-seccion-ca","13":"category-cheste-ca","14":"tag-cheste","15":"tag-cvi-ca","16":"tag-la-hoya-de-bunol-chiva-ca"},"_links":{"self":[{"href":"https:\/\/www.tucomarca.com\/wordpress\/segunda\/ca\/wp-json\/wp\/v2\/posts\/172951","targetHints":{"allow":["GET"]}}],"collection":[{"href":"https:\/\/www.tucomarca.com\/wordpress\/segunda\/ca\/wp-json\/wp\/v2\/posts"}],"about":[{"href":"https:\/\/www.tucomarca.com\/wordpress\/segunda\/ca\/wp-json\/wp\/v2\/types\/post"}],"author":[{"embeddable":true,"href":"https:\/\/www.tucomarca.com\/wordpress\/segunda\/ca\/wp-json\/wp\/v2\/users\/12"}],"replies":[{"embeddable":true,"href":"https:\/\/www.tucomarca.com\/wordpress\/segunda\/ca\/wp-json\/wp\/v2\/comments?post=172951"}],"version-history":[{"count":0,"href":"https:\/\/www.tucomarca.com\/wordpress\/segunda\/ca\/wp-json\/wp\/v2\/posts\/172951\/revisions"}],"wp:featuredmedia":[{"embeddable":true,"href":"https:\/\/www.tucomarca.com\/wordpress\/segunda\/ca\/wp-json\/wp\/v2\/media\/172948"}],"wp:attachment":[{"href":"https:\/\/www.tucomarca.com\/wordpress\/segunda\/ca\/wp-json\/wp\/v2\/media?parent=172951"}],"wp:term":[{"taxonomy":"category","embeddable":true,"href":"https:\/\/www.tucomarca.com\/wordpress\/segunda\/ca\/wp-json\/wp\/v2\/categories?post=172951"},{"taxonomy":"post_tag","embeddable":true,"href":"https:\/\/www.tucomarca.com\/wordpress\/segunda\/ca\/wp-json\/wp\/v2\/tags?post=172951"}],"curies":[{"name":"wp","href":"https:\/\/api.w.org\/{rel}","templated":true}]}}