{"id":173102,"date":"2022-11-26T18:25:32","date_gmt":"2022-11-26T16:25:32","guid":{"rendered":"https:\/\/www.tucomarca.com\/wordpress\/segunda\/?p=173102"},"modified":"2022-11-26T22:14:36","modified_gmt":"2022-11-26T20:14:36","slug":"la-musica-dona-el-seu-adeu-a-henrie-adams-qui-fora-director-titular-de-lartistica-de-bunyol-durant-trenta-anys","status":"publish","type":"post","link":"https:\/\/www.tucomarca.com\/wordpress\/segunda\/ca\/la-musica-dona-el-seu-adeu-a-henrie-adams-qui-fora-director-titular-de-lartistica-de-bunyol-durant-trenta-anys\/","title":{"rendered":"La m\u00fasica dona el seu adeu a Henrie Adams qui fora director titular de &#8220;L&#8217;Art\u00edstica&#8221; de Bunyol durant trenta anys"},"content":{"rendered":"\n<p>El que fora mestre de la Societat Musical &#8220;L&#8217;Art\u00edstica&#8221; de Bunyol, &#8220;Els Lletjos&#8221;, durant trenta anys, Henrie Adams, ha mort aquest dissabte, 26 de novembre, despr\u00e9s d&#8217;una llarga malaltia. El director holand\u00e9s \u00e9s considerat internacionalment com una de les figures m\u00e9s influents en l&#8217;\u00e0mbit de la m\u00fasica simf\u00f2nica de vent.<\/p>\n\n\n\n<p>Henrie Adams ha estat estretament vinculat musicalment al poble de Bunyol des que arribara en 1989. Sota la seua batuta tant la banda simf\u00f2nica com l&#8217;orquestra de &#8220;Els Lletjos&#8221; van viure una \u00e8poca daurada, plena d&#8217;\u00e8xits i grans moments, que quedaran per sempre en la hist\u00f2ria de la banda. Amb ella va rebre nombrosos premis i reconeixements internacionals, incloent-hi el m\u00e0xim guard\u00f3 en la m\u00e9s alta categoria del WMC (2001, Kerkrade). A m\u00e9s, la seua \u00e0mplia discografia \u2014de m\u00e9s de 40 CDs\u2014 ha demostrat ser de gran import\u00e0ncia per a la cultura internacional de bandes simf\u00f2niques.<\/p>\n\n\n\n<p>En 2019, Henrie Adams, va prendre un altre rumb art\u00edstic i va anar Mario Ortu\u00f1o qui va prendre les regnes de la SM &#8220;L&#8217;Art\u00edstica&#8221;. Actualment, Henrie Adams treballava com a director titular de l&#8217;Orquestra Simf\u00f2nica de Castell\u00f3 i com a director convidat de la Banda Municipal de Barcelona. Malgrat la seua marxa, el director ha seguit lligat als m\u00fasics de Bunyol a trav\u00e9s de les agrupacions que ha dirigit. \u00c9s per aix\u00f2 que el poble de Bunyol i els seus m\u00fasics s&#8217;uneixen al dolor de la fam\u00edlia i amics per aquesta gran p\u00e8rdua, aix\u00ed com a la m\u00fasica en general, que perd a un dels seus referents art\u00edstics.<\/p>\n","protected":false},"excerpt":{"rendered":"<div class=\"mh-excerpt\">El que fora mestre de la Societat Musical &#8220;L&#8217;Art\u00edstica&#8221; de Bunyol, &#8220;Els Lletjos&#8221;, durant trenta anys, Henrie Adams, ha mort aquest dissabte, 26 de novembre, despr\u00e9s d&#8217;una llarga malaltia. El director holand\u00e9s \u00e9s considerat internacionalment <a class=\"mh-excerpt-more\" href=\"https:\/\/www.tucomarca.com\/wordpress\/segunda\/ca\/la-musica-dona-el-seu-adeu-a-henrie-adams-qui-fora-director-titular-de-lartistica-de-bunyol-durant-trenta-anys\/\" title=\"La m\u00fasica dona el seu adeu a Henrie Adams qui fora director titular de &#8220;L&#8217;Art\u00edstica&#8221; de Bunyol durant trenta anys\">[+] <\/a><\/div>\n","protected":false},"author":12,"featured_media":82898,"comment_status":"open","ping_status":"open","sticky":false,"template":"","format":"standard","meta":{"footnotes":""},"categories":[10911,11005,10894,10904,10912,11007,10896],"tags":[10913,18373,10914,11376,11154],"class_list":{"0":"post-173102","1":"post","2":"type-post","3":"status-publish","4":"format-standard","5":"has-post-thumbnail","7":"category-bunol-ca","8":"category-canal-musica","9":"category-la-comarca-ca","10":"category-sin-categorizar-ca","11":"category-la-hoya-ca","12":"category-ocio-y-cultura-ca","13":"category-seccion-ca","14":"tag-bunol-ca","15":"tag-henrie-adams-ca","16":"tag-la-hoya-de-bunol-chiva-ca","17":"tag-los-feos-ca","18":"tag-sm-la-artistica-de-bunol-ca"},"_links":{"self":[{"href":"https:\/\/www.tucomarca.com\/wordpress\/segunda\/ca\/wp-json\/wp\/v2\/posts\/173102","targetHints":{"allow":["GET"]}}],"collection":[{"href":"https:\/\/www.tucomarca.com\/wordpress\/segunda\/ca\/wp-json\/wp\/v2\/posts"}],"about":[{"href":"https:\/\/www.tucomarca.com\/wordpress\/segunda\/ca\/wp-json\/wp\/v2\/types\/post"}],"author":[{"embeddable":true,"href":"https:\/\/www.tucomarca.com\/wordpress\/segunda\/ca\/wp-json\/wp\/v2\/users\/12"}],"replies":[{"embeddable":true,"href":"https:\/\/www.tucomarca.com\/wordpress\/segunda\/ca\/wp-json\/wp\/v2\/comments?post=173102"}],"version-history":[{"count":0,"href":"https:\/\/www.tucomarca.com\/wordpress\/segunda\/ca\/wp-json\/wp\/v2\/posts\/173102\/revisions"}],"wp:featuredmedia":[{"embeddable":true,"href":"https:\/\/www.tucomarca.com\/wordpress\/segunda\/ca\/wp-json\/wp\/v2\/media\/82898"}],"wp:attachment":[{"href":"https:\/\/www.tucomarca.com\/wordpress\/segunda\/ca\/wp-json\/wp\/v2\/media?parent=173102"}],"wp:term":[{"taxonomy":"category","embeddable":true,"href":"https:\/\/www.tucomarca.com\/wordpress\/segunda\/ca\/wp-json\/wp\/v2\/categories?post=173102"},{"taxonomy":"post_tag","embeddable":true,"href":"https:\/\/www.tucomarca.com\/wordpress\/segunda\/ca\/wp-json\/wp\/v2\/tags?post=173102"}],"curies":[{"name":"wp","href":"https:\/\/api.w.org\/{rel}","templated":true}]}}