{"id":173254,"date":"2022-11-28T13:55:00","date_gmt":"2022-11-28T11:55:00","guid":{"rendered":"https:\/\/www.tucomarca.com\/wordpress\/segunda\/?p=173254"},"modified":"2022-11-28T23:30:27","modified_gmt":"2022-11-28T21:30:27","slug":"el-motoclub-xest-celebra-el-seu-xxv-aniversari","status":"publish","type":"post","link":"https:\/\/www.tucomarca.com\/wordpress\/segunda\/ca\/el-motoclub-xest-celebra-el-seu-xxv-aniversari\/","title":{"rendered":"El MotoClub Xest celebra el seu XXV Aniversari"},"content":{"rendered":"\n<p>El MotoClub Xest gaudeix de molt bona salut i aix\u00ed s&#8217;ha pogut comprovar aquest passat dissabte, 26 de novembre, en el qual els socis, durant el tradicional sopar anual, van celebrar el 25 aniversari.<\/p>\n\n\n<div class=\"wp-block-image\">\n<figure class=\"aligncenter size-large is-resized\"><img loading=\"lazy\" decoding=\"async\" src=\"http:\/\/www.tucomarca.com\/wordpress\/segunda\/wp-content\/uploads\/2022\/11\/Cheste_XXVMotoclub2.jpg\" alt=\"\" class=\"wp-image-173238\" width=\"428\" height=\"328\" srcset=\"https:\/\/www.tucomarca.com\/wordpress\/segunda\/wp-content\/uploads\/2022\/11\/Cheste_XXVMotoclub2.jpg 886w, https:\/\/www.tucomarca.com\/wordpress\/segunda\/wp-content\/uploads\/2022\/11\/Cheste_XXVMotoclub2-300x230.jpg 300w, https:\/\/www.tucomarca.com\/wordpress\/segunda\/wp-content\/uploads\/2022\/11\/Cheste_XXVMotoclub2-768x589.jpg 768w, https:\/\/www.tucomarca.com\/wordpress\/segunda\/wp-content\/uploads\/2022\/11\/Cheste_XXVMotoclub2-80x60.jpg 80w\" sizes=\"auto, (max-width: 428px) 100vw, 428px\" \/><\/figure>\n<\/div>\n\n\n<p>All\u00ed \u00e9s van repassar els nombrosos esdeveniments que el MotoClub ha organitzat o participat en aquests \u00faltims 25 anys: Trials, Concentracions, Supermotards, Enduros, Minimotos, karts, eixides ruteras, esmorzars socials\u2026 Tamb\u00e9 van ser recordats els entranyables moments amb els m\u00faltiples fotos dels diferents activitats. No va faltar el past\u00eds commemoratiu amb el logotip del club, en la qual cada assistent tractava d&#8217;endevinar el tros de circuit que s&#8217;estava menjant. En finalitzar l&#8217;acte, entre els assistents, \u00e9s va fer un sorteig de diferents regals dels activitats del club. Com a colof\u00f3 tots van brindar pels pr\u00f2xims anys que els esperen desitjant que segueixen tan bons o millors que els anteriors.<\/p>\n","protected":false},"excerpt":{"rendered":"<div class=\"mh-excerpt\">El MotoClub Xest gaudeix de molt bona salut i aix\u00ed s&#8217;ha pogut comprovar aquest passat dissabte, 26 de novembre, en el qual els socis, durant el tradicional sopar anual, van celebrar el 25 aniversari. All\u00ed <a class=\"mh-excerpt-more\" href=\"https:\/\/www.tucomarca.com\/wordpress\/segunda\/ca\/el-motoclub-xest-celebra-el-seu-xxv-aniversari\/\" title=\"El MotoClub Xest celebra el seu XXV Aniversari\">[+] <\/a><\/div>\n","protected":false},"author":12,"featured_media":173241,"comment_status":"open","ping_status":"open","sticky":false,"template":"","format":"image","meta":{"footnotes":""},"categories":[11003,10894,10912,11011,10896,10974],"tags":[18191,11071,10914,18381],"class_list":{"0":"post-173254","1":"post","2":"type-post","3":"status-publish","4":"format-image","5":"has-post-thumbnail","7":"category-sports","8":"category-la-comarca-ca","9":"category-la-hoya-ca","10":"category-motociclismo-ca","11":"category-seccion-ca","12":"category-cheste-ca","13":"tag-25-aniversario-ca","14":"tag-cheste","15":"tag-la-hoya-de-bunol-chiva-ca","16":"tag-motoclub-cheste-ca","17":"post_format-post-format-image"},"_links":{"self":[{"href":"https:\/\/www.tucomarca.com\/wordpress\/segunda\/ca\/wp-json\/wp\/v2\/posts\/173254","targetHints":{"allow":["GET"]}}],"collection":[{"href":"https:\/\/www.tucomarca.com\/wordpress\/segunda\/ca\/wp-json\/wp\/v2\/posts"}],"about":[{"href":"https:\/\/www.tucomarca.com\/wordpress\/segunda\/ca\/wp-json\/wp\/v2\/types\/post"}],"author":[{"embeddable":true,"href":"https:\/\/www.tucomarca.com\/wordpress\/segunda\/ca\/wp-json\/wp\/v2\/users\/12"}],"replies":[{"embeddable":true,"href":"https:\/\/www.tucomarca.com\/wordpress\/segunda\/ca\/wp-json\/wp\/v2\/comments?post=173254"}],"version-history":[{"count":0,"href":"https:\/\/www.tucomarca.com\/wordpress\/segunda\/ca\/wp-json\/wp\/v2\/posts\/173254\/revisions"}],"wp:featuredmedia":[{"embeddable":true,"href":"https:\/\/www.tucomarca.com\/wordpress\/segunda\/ca\/wp-json\/wp\/v2\/media\/173241"}],"wp:attachment":[{"href":"https:\/\/www.tucomarca.com\/wordpress\/segunda\/ca\/wp-json\/wp\/v2\/media?parent=173254"}],"wp:term":[{"taxonomy":"category","embeddable":true,"href":"https:\/\/www.tucomarca.com\/wordpress\/segunda\/ca\/wp-json\/wp\/v2\/categories?post=173254"},{"taxonomy":"post_tag","embeddable":true,"href":"https:\/\/www.tucomarca.com\/wordpress\/segunda\/ca\/wp-json\/wp\/v2\/tags?post=173254"}],"curies":[{"name":"wp","href":"https:\/\/api.w.org\/{rel}","templated":true}]}}