{"id":173296,"date":"2022-11-29T13:00:00","date_gmt":"2022-11-29T11:00:00","guid":{"rendered":"https:\/\/www.tucomarca.com\/wordpress\/segunda\/?p=173296"},"modified":"2022-11-29T17:11:31","modified_gmt":"2022-11-29T15:11:31","slug":"el-ple-de-bunyol-aprova-el-pla-estrategic-de-turisme","status":"publish","type":"post","link":"https:\/\/www.tucomarca.com\/wordpress\/segunda\/ca\/el-ple-de-bunyol-aprova-el-pla-estrategic-de-turisme\/","title":{"rendered":"El ple de Bunyol aprova el Pla Estrat\u00e8gic de Turisme"},"content":{"rendered":"\n<p>L&#8217;Ajuntament de Bunyol va celebrar en la vesprada d&#8217;ahir, dilluns, un nou ple en el qual es va aprovar per unanimitat de tots els grups pol\u00edtics el Pla Estrat\u00e8gic de Turisme.<br>L&#8217;edil Mar\u00eda Vall\u00e9s va ser l&#8217;encarregada d&#8217;explicar la utilitat d&#8217;un pla \u201cque ens permet, no sols planificar les accions d&#8217;inversi\u00f3 i promoci\u00f3 de turisme dels pr\u00f2xims anys, tamb\u00e9 \u00e9s un document essencial per a poder accedir a subvencions i ajudes, un requisit indispensable\u201d.&nbsp;<br>La millora i diversificaci\u00f3 de l&#8217;oferta tur\u00edstica local, l&#8217;aplicaci\u00f3 de la sostenibilitat social i ambiental a l&#8217;oferta i la consolidaci\u00f3 i millor de l&#8217;ocupaci\u00f3 tur\u00edstica en el municipi s\u00f3n els eixos principals d&#8217;aquest document que marcar\u00e0 el futur del turisme a Bunyol.<br>En el mateix ple es van aprovar dues accions de minimitzaci\u00f3 de l&#8217;impacte territorial sol\u00b7licitades per diversos ve\u00efns per a construir habitatges, es va obrir el proc\u00e9s de quinze dies perqu\u00e8 es presenten candidatures per a Jutge de Pau Titular, tot aix\u00f2 per unanimitat dels grups municipals.<\/p>\n\n\n\n<p><strong>Debat<br><\/strong>L&#8217;\u00fanic punt que va generar debat i difer\u00e8ncies en la votaci\u00f3 va ser el relatiu a la resoluci\u00f3 d&#8217;una discrep\u00e0ncia i el reconeixement del deute amb un prove\u00efdor d&#8217;una mica m\u00e9s de 17.000 euros, concretament de la redacci\u00f3 del projecte de la futura piscina coberta.<br>IU, PSOE i Unides Podem van defensar que tirara avant amb el seu vot afirmatiu, mentre que PP i IAB van votar en contra.<br>En el torn de precs i preguntes, l&#8217;Associaci\u00f3 del Castell va fer un prec a trav\u00e9s del PP sobre les condicions de la zona que va ser secundat per tots els grups municipals.<\/p>\n\n\n\n<p><\/p>\n","protected":false},"excerpt":{"rendered":"<div class=\"mh-excerpt\">L&#8217;Ajuntament de Bunyol va celebrar en la vesprada d&#8217;ahir, dilluns, un nou ple en el qual es va aprovar per unanimitat de tots els grups pol\u00edtics el Pla Estrat\u00e8gic de Turisme.L&#8217;edil Mar\u00eda Vall\u00e9s va ser <a class=\"mh-excerpt-more\" href=\"https:\/\/www.tucomarca.com\/wordpress\/segunda\/ca\/el-ple-de-bunyol-aprova-el-pla-estrategic-de-turisme\/\" title=\"El ple de Bunyol aprova el Pla Estrat\u00e8gic de Turisme\">[+] <\/a><\/div>\n","protected":false},"author":12,"featured_media":173295,"comment_status":"open","ping_status":"open","sticky":false,"template":"","format":"standard","meta":{"footnotes":""},"categories":[10911,10948,10894,10912,10947,10896],"tags":[10913,10914,18260],"class_list":{"0":"post-173296","1":"post","2":"type-post","3":"status-publish","4":"format-standard","5":"has-post-thumbnail","7":"category-bunol-ca","8":"category-infraestructuras-ca","9":"category-la-comarca-ca","10":"category-la-hoya-ca","11":"category-politica","12":"category-seccion-ca","13":"tag-bunol-ca","14":"tag-la-hoya-de-bunol-chiva-ca","15":"tag-plan-estrategico-de-turismo-ca"},"_links":{"self":[{"href":"https:\/\/www.tucomarca.com\/wordpress\/segunda\/ca\/wp-json\/wp\/v2\/posts\/173296","targetHints":{"allow":["GET"]}}],"collection":[{"href":"https:\/\/www.tucomarca.com\/wordpress\/segunda\/ca\/wp-json\/wp\/v2\/posts"}],"about":[{"href":"https:\/\/www.tucomarca.com\/wordpress\/segunda\/ca\/wp-json\/wp\/v2\/types\/post"}],"author":[{"embeddable":true,"href":"https:\/\/www.tucomarca.com\/wordpress\/segunda\/ca\/wp-json\/wp\/v2\/users\/12"}],"replies":[{"embeddable":true,"href":"https:\/\/www.tucomarca.com\/wordpress\/segunda\/ca\/wp-json\/wp\/v2\/comments?post=173296"}],"version-history":[{"count":0,"href":"https:\/\/www.tucomarca.com\/wordpress\/segunda\/ca\/wp-json\/wp\/v2\/posts\/173296\/revisions"}],"wp:featuredmedia":[{"embeddable":true,"href":"https:\/\/www.tucomarca.com\/wordpress\/segunda\/ca\/wp-json\/wp\/v2\/media\/173295"}],"wp:attachment":[{"href":"https:\/\/www.tucomarca.com\/wordpress\/segunda\/ca\/wp-json\/wp\/v2\/media?parent=173296"}],"wp:term":[{"taxonomy":"category","embeddable":true,"href":"https:\/\/www.tucomarca.com\/wordpress\/segunda\/ca\/wp-json\/wp\/v2\/categories?post=173296"},{"taxonomy":"post_tag","embeddable":true,"href":"https:\/\/www.tucomarca.com\/wordpress\/segunda\/ca\/wp-json\/wp\/v2\/tags?post=173296"}],"curies":[{"name":"wp","href":"https:\/\/api.w.org\/{rel}","templated":true}]}}