{"id":173327,"date":"2022-11-29T13:35:00","date_gmt":"2022-11-29T11:35:00","guid":{"rendered":"https:\/\/www.tucomarca.com\/wordpress\/segunda\/?p=173327"},"modified":"2022-11-29T22:42:57","modified_gmt":"2022-11-29T20:42:57","slug":"els-estudis-de-la-diputacio-sobre-la-mobilitat-rural-serviran-per-a-millorar-el-transport-en-diverses-comarques","status":"publish","type":"post","link":"https:\/\/www.tucomarca.com\/wordpress\/segunda\/ca\/els-estudis-de-la-diputacio-sobre-la-mobilitat-rural-serviran-per-a-millorar-el-transport-en-diverses-comarques\/","title":{"rendered":"Els estudis de la Diputaci\u00f3 sobre la mobilitat rural serviran per a millorar el transport en diverses comarques"},"content":{"rendered":"\n<h4 class=\"wp-block-heading\">L&#8217;\u00e0rea de Desenvolupament Rural de la corporaci\u00f3 provincial presenta les conclusions dels estudis sobre h\u00e0bits i necessitats de despla\u00e7ament en La Serran\u00eda, el Rinc\u00f3n de Ademuz, la Canal de Navarr\u00e9s i el Valle de Ayora-Cofrentes<\/h4>\n\n\n\n<p>La Diputaci\u00f3 de Val\u00e8ncia ha presentat, durant una jornada informativa que ha tingut lloc en l&#8217;edifici \u2018El Patronat\u2019 de Villar del Arzobispo, les conclusions dels estudis de mobilitat rural encarregats per la corporaci\u00f3 provincial per a analitzar els h\u00e0bits i necessitats de despla\u00e7ament a les comarques de La Serran\u00eda, el Rinc\u00f3n de Ademuz, la Canal de Navarr\u00e9s i el Valle de Ayora-Cofrentes, aix\u00ed com els resultats espec\u00edfics de la comarca de La Serran\u00eda.<\/p>\n\n\n\n<p>La jornada, organitzada per l&#8217;\u00e0rea de Desenvolupament Rural i Pol\u00edtiques contra la Despoblaci\u00f3 de la Diputaci\u00f3 de Val\u00e8ncia, ha comptat amb la col\u00b7laboraci\u00f3 de la Universitat de Val\u00e8ncia, la Mancomunidad de La Serran\u00eda, l&#8217;Ajuntament de Villar i la Caja Rural de Villar. L&#8217;acte ha comptat amb la pres\u00e8ncia del diputat de l&#8217;\u00e0rea, Ramiro Rivera, i de la presidenta de la Mancomunidad, Consuelo Alfonso,<\/p>\n\n\n\n<p>Els estudis, duts a terme per l&#8217;equip t\u00e8cnic de la unitat de desenvolupament rural de la Universitat de Val\u00e8ncia, han posat de manifest l&#8217;elevada depend\u00e8ncia del vehicule privat per als despla\u00e7aments de les persones residents en estes comarques, aix\u00ed com l&#8217;ampli marge de millora dels serveis de transport p\u00fablic existent, que compten entre els seus usuaris m\u00e9s habituals col\u00b7lectius amb menys persones amb perm\u00eds de conduir, com \u00e9s el cas d&#8217;estudiants, gent gran o dones.<\/p>\n\n\n\n<p>En este sentit, Ramiro Rivera ha destacat que \u201cestes actuacions de la Diputaci\u00f3, al costat del projecte pilot d&#8217;an\u00e0lisi de patrons de despla\u00e7ament amb sensors de detecci\u00f3 anonimitzada de tel\u00e8fons m\u00f2bils en el marc de la iniciativa Smart City Connecta Val\u00e8ncia, ens aporten informaci\u00f3 de primera m\u00e0 sobre necessitats de transport, la qual cosa servir\u00e0 per a poder millorar la situaci\u00f3 del transport rural\u201d.<\/p>\n\n\n\n<p><\/p>\n","protected":false},"excerpt":{"rendered":"<div class=\"mh-excerpt\">L&#8217;\u00e0rea de Desenvolupament Rural de la corporaci\u00f3 provincial presenta les conclusions dels estudis sobre h\u00e0bits i necessitats de despla\u00e7ament en La Serran\u00eda, el Rinc\u00f3n de Ademuz, la Canal de Navarr\u00e9s i el Valle de Ayora-Cofrentes <a class=\"mh-excerpt-more\" href=\"https:\/\/www.tucomarca.com\/wordpress\/segunda\/ca\/els-estudis-de-la-diputacio-sobre-la-mobilitat-rural-serviran-per-a-millorar-el-transport-en-diverses-comarques\/\" title=\"Els estudis de la Diputaci\u00f3 sobre la mobilitat rural serviran per a millorar el transport en diverses comarques\">[+] <\/a><\/div>\n","protected":false},"author":12,"featured_media":173326,"comment_status":"open","ping_status":"open","sticky":false,"template":"","format":"standard","meta":{"footnotes":""},"categories":[10890,10951,11046,10898,10948,10963,10894,10903,10947,10896],"tags":[11097,13353,13979,11246,11080,11440],"class_list":{"0":"post-173327","1":"post","2":"type-post","3":"status-publish","4":"format-standard","5":"has-post-thumbnail","7":"category-ademus","8":"category-ayora-cofrentes-ca","9":"category-los-serranos-ca","10":"category-ventana-ca","11":"category-infraestructuras-ca","12":"category-la-canal-de-navarres-ca","13":"category-la-comarca-ca","14":"category-medio-ambiente-la-comarca-ca","15":"category-politica","16":"category-seccion-ca","17":"tag-ademuz-ca","18":"tag-canal-de-navarres-ca","19":"tag-desarrollo-rural-ca","20":"tag-diputacio-de-valencia-ca","21":"tag-los-serranos-ca","22":"tag-valle-de-ayora-cofrentes-ca"},"_links":{"self":[{"href":"https:\/\/www.tucomarca.com\/wordpress\/segunda\/ca\/wp-json\/wp\/v2\/posts\/173327","targetHints":{"allow":["GET"]}}],"collection":[{"href":"https:\/\/www.tucomarca.com\/wordpress\/segunda\/ca\/wp-json\/wp\/v2\/posts"}],"about":[{"href":"https:\/\/www.tucomarca.com\/wordpress\/segunda\/ca\/wp-json\/wp\/v2\/types\/post"}],"author":[{"embeddable":true,"href":"https:\/\/www.tucomarca.com\/wordpress\/segunda\/ca\/wp-json\/wp\/v2\/users\/12"}],"replies":[{"embeddable":true,"href":"https:\/\/www.tucomarca.com\/wordpress\/segunda\/ca\/wp-json\/wp\/v2\/comments?post=173327"}],"version-history":[{"count":0,"href":"https:\/\/www.tucomarca.com\/wordpress\/segunda\/ca\/wp-json\/wp\/v2\/posts\/173327\/revisions"}],"wp:featuredmedia":[{"embeddable":true,"href":"https:\/\/www.tucomarca.com\/wordpress\/segunda\/ca\/wp-json\/wp\/v2\/media\/173326"}],"wp:attachment":[{"href":"https:\/\/www.tucomarca.com\/wordpress\/segunda\/ca\/wp-json\/wp\/v2\/media?parent=173327"}],"wp:term":[{"taxonomy":"category","embeddable":true,"href":"https:\/\/www.tucomarca.com\/wordpress\/segunda\/ca\/wp-json\/wp\/v2\/categories?post=173327"},{"taxonomy":"post_tag","embeddable":true,"href":"https:\/\/www.tucomarca.com\/wordpress\/segunda\/ca\/wp-json\/wp\/v2\/tags?post=173327"}],"curies":[{"name":"wp","href":"https:\/\/api.w.org\/{rel}","templated":true}]}}