{"id":173511,"date":"2022-12-01T14:14:00","date_gmt":"2022-12-01T12:14:00","guid":{"rendered":"https:\/\/www.tucomarca.com\/wordpress\/segunda\/?p=173511"},"modified":"2022-12-01T22:00:22","modified_gmt":"2022-12-01T20:00:22","slug":"arranquen-les-obres-de-reurbanitzacio-de-la-part-nova-del-cementeri-municipal-de-bunyol","status":"publish","type":"post","link":"https:\/\/www.tucomarca.com\/wordpress\/segunda\/ca\/arranquen-les-obres-de-reurbanitzacio-de-la-part-nova-del-cementeri-municipal-de-bunyol\/","title":{"rendered":"Arranquen les obres de reurbanitzaci\u00f3 de la part nova del cementeri municipal de Bunyol"},"content":{"rendered":"\n<h4 class=\"wp-block-heading\">Rafa P\u00e9rez, regidor de Serveis Municipals i Urbanismes de l&#8217;Ajuntament de Bunyol, confirma que es tracta d&#8217;una obra molt necess\u00e0ria, que permetr\u00e0 tindre unes instal\u00b7lacions adequades al que es mereix el municipi.&nbsp;<\/h4>\n\n\n\n<p>Rafa P\u00e9rez, primer Tinent d&#8217;Alcalde, regidor de Serveis Municipals i d&#8217;Urbanisme de l&#8217;Ajuntament de Bunyol, ha confirmat que acaben d&#8217;arrancar les obres de reurbanitzaci\u00f3 de la part nova del Cementeri Municipal de Bunyol.&nbsp;<br>Aquest mat\u00ed han comen\u00e7at les obres de la part nova del cementeri municipal, la qual cosa permetr\u00e0 el manteniment correcte i idoni del Cementeri Municipal. \u201cEra un projecte que est\u00e0vem esperant fa alguns anys i ja ha arribat. Es preveu que estiga acabat al mar\u00e7. Despr\u00e9s de les obres el nostre cementeri comptar\u00e0 amb unes instal\u00b7lacions adequades al que es mereix el poble de Bunyol, els seus ve\u00efns, usuaris i nombrosos visitants que rep setmanalment\u201d.<br>L&#8217;edil del ram finalitza assegurant que aquestes obres oferiran m\u00e9s zones de pas i proporcionaran una gran quantitat d&#8217;arbratge. El pressupost total d&#8217;aquesta obra ascendeix a 114.000\u20ac.<\/p>\n\n\n\n<p><\/p>\n","protected":false},"excerpt":{"rendered":"<div class=\"mh-excerpt\">Rafa P\u00e9rez, regidor de Serveis Municipals i Urbanismes de l&#8217;Ajuntament de Bunyol, confirma que es tracta d&#8217;una obra molt necess\u00e0ria, que permetr\u00e0 tindre unes instal\u00b7lacions adequades al que es mereix el municipi.&nbsp; Rafa P\u00e9rez, primer <a class=\"mh-excerpt-more\" href=\"https:\/\/www.tucomarca.com\/wordpress\/segunda\/ca\/arranquen-les-obres-de-reurbanitzacio-de-la-part-nova-del-cementeri-municipal-de-bunyol\/\" title=\"Arranquen les obres de reurbanitzaci\u00f3 de la part nova del cementeri municipal de Bunyol\">[+] <\/a><\/div>\n","protected":false},"author":12,"featured_media":173510,"comment_status":"open","ping_status":"open","sticky":false,"template":"","format":"standard","meta":{"footnotes":""},"categories":[10911,10948,10894,10912,10947,10896],"tags":[10913,18421,10914,18422],"class_list":{"0":"post-173511","1":"post","2":"type-post","3":"status-publish","4":"format-standard","5":"has-post-thumbnail","7":"category-bunol-ca","8":"category-infraestructuras-ca","9":"category-la-comarca-ca","10":"category-la-hoya-ca","11":"category-politica","12":"category-seccion-ca","13":"tag-bunol-ca","14":"tag-cementerio-de-bunol-ca","15":"tag-la-hoya-de-bunol-chiva-ca","16":"tag-obras-de-reurbanizacion-ca"},"_links":{"self":[{"href":"https:\/\/www.tucomarca.com\/wordpress\/segunda\/ca\/wp-json\/wp\/v2\/posts\/173511","targetHints":{"allow":["GET"]}}],"collection":[{"href":"https:\/\/www.tucomarca.com\/wordpress\/segunda\/ca\/wp-json\/wp\/v2\/posts"}],"about":[{"href":"https:\/\/www.tucomarca.com\/wordpress\/segunda\/ca\/wp-json\/wp\/v2\/types\/post"}],"author":[{"embeddable":true,"href":"https:\/\/www.tucomarca.com\/wordpress\/segunda\/ca\/wp-json\/wp\/v2\/users\/12"}],"replies":[{"embeddable":true,"href":"https:\/\/www.tucomarca.com\/wordpress\/segunda\/ca\/wp-json\/wp\/v2\/comments?post=173511"}],"version-history":[{"count":0,"href":"https:\/\/www.tucomarca.com\/wordpress\/segunda\/ca\/wp-json\/wp\/v2\/posts\/173511\/revisions"}],"wp:featuredmedia":[{"embeddable":true,"href":"https:\/\/www.tucomarca.com\/wordpress\/segunda\/ca\/wp-json\/wp\/v2\/media\/173510"}],"wp:attachment":[{"href":"https:\/\/www.tucomarca.com\/wordpress\/segunda\/ca\/wp-json\/wp\/v2\/media?parent=173511"}],"wp:term":[{"taxonomy":"category","embeddable":true,"href":"https:\/\/www.tucomarca.com\/wordpress\/segunda\/ca\/wp-json\/wp\/v2\/categories?post=173511"},{"taxonomy":"post_tag","embeddable":true,"href":"https:\/\/www.tucomarca.com\/wordpress\/segunda\/ca\/wp-json\/wp\/v2\/tags?post=173511"}],"curies":[{"name":"wp","href":"https:\/\/api.w.org\/{rel}","templated":true}]}}