{"id":173564,"date":"2022-12-02T13:05:00","date_gmt":"2022-12-02T11:05:00","guid":{"rendered":"https:\/\/www.tucomarca.com\/wordpress\/segunda\/?p=173564"},"modified":"2022-12-02T16:39:36","modified_gmt":"2022-12-02T14:39:36","slug":"el-pp-considera-que-el-pressupost-de-lajuntament-reflecteix-la-necessitat-dun-canvi-de-govern-en-requena","status":"publish","type":"post","link":"https:\/\/www.tucomarca.com\/wordpress\/segunda\/ca\/el-pp-considera-que-el-pressupost-de-lajuntament-reflecteix-la-necessitat-dun-canvi-de-govern-en-requena\/","title":{"rendered":"El PP considera que &#8220;el pressupost de l&#8217;ajuntament reflecteix la necessitat d&#8217;un canvi de govern en Requena&#8221;"},"content":{"rendered":"\n<p>&#8220;No es pot governar intentant fer en un any tot el que no s&#8217;ha fet en la legislatura. El nostre municipi necessita un govern que gestione di\u00e0riament, no un govern que intente fer-lo tot l&#8217;\u00faltim any per a intentar revalidar l&#8217;alcaldia&#8221;, afirmen els populars de Requena.<br>El Partit Popular considera que &#8220;el pressupost de l&#8217;ajuntament de Requena reflecteix l&#8217;esgotament de Mario S\u00e1nchez i la necessitat d&#8217;un canvi de govern en 2023&#8221;.<br>El pressupost &#8220;est\u00e0 intentant pal\u00b7liar en l&#8217;\u00faltim any de legislatura totes les necessitats que els ve\u00efns de Requena porten quasi 8 anys reivindicant, cansats de la imatge de *deteriorio i aband\u00f3 que \u00e9s visible i palpable en el nostre municipi&#8221;, manifesten les fonts.<br>I afigen &#8220;els ve\u00efns del nostre municipi necessiten un govern que treballe di\u00e0riament pel nostre municipi, no un govern que nom\u00e9s pretenga escoltar la ciutadania davant l&#8217;arribada d&#8217;eleccions per a intentar precipitadament cobrir les mancances a les quals s&#8217;han vist exposats&#8221;.<br>El nostre municipi &#8220;necessita un govern que aposte per Requena i els seus 25 llogarets, i pel seu manteniment i que fa\u00e7a que siga el lloc en el qual els nostres joves desitgen continuar vivint. Requena ha de ser el referent de l&#8217;interior valenci\u00e0&#8221; conclouen els populars. Informa, <strong>Luis Ib\u00e1\u00f1ez<\/strong>.<\/p>\n","protected":false},"excerpt":{"rendered":"<div class=\"mh-excerpt\">&#8220;No es pot governar intentant fer en un any tot el que no s&#8217;ha fet en la legislatura. El nostre municipi necessita un govern que gestione di\u00e0riament, no un govern que intente fer-lo tot l&#8217;\u00faltim <a class=\"mh-excerpt-more\" href=\"https:\/\/www.tucomarca.com\/wordpress\/segunda\/ca\/el-pp-considera-que-el-pressupost-de-lajuntament-reflecteix-la-necessitat-dun-canvi-de-govern-en-requena\/\" title=\"El PP considera que &#8220;el pressupost de l&#8217;ajuntament reflecteix la necessitat d&#8217;un canvi de govern en Requena&#8221;\">[+] <\/a><\/div>\n","protected":false},"author":1,"featured_media":173562,"comment_status":"open","ping_status":"open","sticky":false,"template":"","format":"standard","meta":{"footnotes":""},"categories":[10948,10894,10947,10908,10909,10896],"tags":[11344,16656,11099,10910],"class_list":{"0":"post-173564","1":"post","2":"type-post","3":"status-publish","4":"format-standard","5":"has-post-thumbnail","7":"category-infraestructuras-ca","8":"category-la-comarca-ca","9":"category-politica","10":"category-requena-ca","11":"category-requena-utiel-ca","12":"category-seccion-ca","13":"tag-pp-ca","14":"tag-pp-de-requena-ca","15":"tag-requena-ca","16":"tag-requena-utiel-ca"},"_links":{"self":[{"href":"https:\/\/www.tucomarca.com\/wordpress\/segunda\/ca\/wp-json\/wp\/v2\/posts\/173564","targetHints":{"allow":["GET"]}}],"collection":[{"href":"https:\/\/www.tucomarca.com\/wordpress\/segunda\/ca\/wp-json\/wp\/v2\/posts"}],"about":[{"href":"https:\/\/www.tucomarca.com\/wordpress\/segunda\/ca\/wp-json\/wp\/v2\/types\/post"}],"author":[{"embeddable":true,"href":"https:\/\/www.tucomarca.com\/wordpress\/segunda\/ca\/wp-json\/wp\/v2\/users\/1"}],"replies":[{"embeddable":true,"href":"https:\/\/www.tucomarca.com\/wordpress\/segunda\/ca\/wp-json\/wp\/v2\/comments?post=173564"}],"version-history":[{"count":0,"href":"https:\/\/www.tucomarca.com\/wordpress\/segunda\/ca\/wp-json\/wp\/v2\/posts\/173564\/revisions"}],"wp:featuredmedia":[{"embeddable":true,"href":"https:\/\/www.tucomarca.com\/wordpress\/segunda\/ca\/wp-json\/wp\/v2\/media\/173562"}],"wp:attachment":[{"href":"https:\/\/www.tucomarca.com\/wordpress\/segunda\/ca\/wp-json\/wp\/v2\/media?parent=173564"}],"wp:term":[{"taxonomy":"category","embeddable":true,"href":"https:\/\/www.tucomarca.com\/wordpress\/segunda\/ca\/wp-json\/wp\/v2\/categories?post=173564"},{"taxonomy":"post_tag","embeddable":true,"href":"https:\/\/www.tucomarca.com\/wordpress\/segunda\/ca\/wp-json\/wp\/v2\/tags?post=173564"}],"curies":[{"name":"wp","href":"https:\/\/api.w.org\/{rel}","templated":true}]}}