{"id":173710,"date":"2022-12-07T13:00:00","date_gmt":"2022-12-07T11:00:00","guid":{"rendered":"https:\/\/www.tucomarca.com\/wordpress\/segunda\/?p=173710"},"modified":"2022-12-07T15:28:07","modified_gmt":"2022-12-07T13:28:07","slug":"bunyol-organitza-una-extensa-programacio-per-a-celebrar-el-nadal","status":"publish","type":"post","link":"https:\/\/www.tucomarca.com\/wordpress\/segunda\/ca\/bunyol-organitza-una-extensa-programacio-per-a-celebrar-el-nadal\/","title":{"rendered":"Bunyol organitza una extensa programaci\u00f3 per a celebrar el Nadal"},"content":{"rendered":"\n<h4 class=\"wp-block-heading\">El Nadal torna a festejar-se en gran a Bunyol amb festes nocturnes en la Carpa del Planell, recepci\u00f3 de Pap\u00e0 Noel, Taller de cuina M\u00e0ster Xef i Cavalcada de Reis per als m\u00e9s xicotets<\/h4>\n\n\n\n<p>La regidoria de Cultura Popular de l&#8217;Ajuntament de Bunyol ha programat una \u00e0mplia agenda d&#8217;activitats nadalenques per a tots i totes aquestes pr\u00f2ximes festes en la localitat. Els actes arranquen el pr\u00f2xim 16 de desembre i finalitzaran el dijous 5 de gener amb la Cavalcada de Reis. Rafa P\u00e9rez, regidor de Cultura Popular del consistori bu\u00f1olense, assegura que per fi es podr\u00e0 viure el Nadal com abans de la pand\u00e8mia, \u201ci per aix\u00f2 des d&#8217;aquesta regidoria hem volgut organitzar el Nadal com tots els ve\u00efns i visitants es mereixen. Festes per a tots, per a viure en fam\u00edlia, amb amics i amb molta il\u00b7lusi\u00f3 i m\u00e0gia per als m\u00e9s xicotets. Segur que 2023 vindr\u00e0 carregat d&#8217;energia i quina millor manera que tornar a tindre el nostre nadal, amb algunes novetats com el Taller de Cuina M\u00e0ster Xef i festes tots els caps de setmana per a evitar que els nostres joves marxen de Bunyol\u201d.&nbsp;<br>En la Carpa del Planell de Bunyol es podr\u00e0 gaudir de la millor m\u00fasica en el millor ambient els dies: divendres 16 de desembre, dissabte 17, divendres 23, dissabte 24, dissabte 31 i dijous 5 de gener. En totes elles l&#8217;entrada per a menors de 18 anys \u00e9s a 3 euros (amb refresc i got) i per a majors d&#8217;edat a 6 euros (amb consumici\u00f3 i got).&nbsp;<br>El divendres 16 arranquen les festes nocturnes. Est\u00e0 enfocat a sopars d&#8217;empresa i organitza el CD Bunyol. L&#8217;endem\u00e0, el dissabte 17, Tardeo Remember, organitzat per la Falla Nou Bunyol i NMT (Nicotina Music Team). El divendres 23, Nit Rock, organitzat per la Falla Vendes. El dissabte 24, festa Nit de Nadal, organitzada per l&#8217;Ajuntament de Bu\u00f1o. El dissabte 31, Festa Nit de cap d&#8217;any, organitzada per la Falla Vendes i la Falla El Prat. I el dijous 5 de gener, Nit de Reis, organitzat per la Falla Reis Cat\u00f2lics.&nbsp;<br>Per\u00f2 els m\u00e9s xicotets de la casa tornen a ser els protagonistes d&#8217;unes festes entranyables, familiars i on la m\u00e0gia \u00e9s la protagonista. El dijous 22 de desembre ser\u00e0 la recepci\u00f3 a Pap\u00e0 Noel, en la Pla\u00e7a Vendes de 17 a 20h, i el divendres 23, en la Pla\u00e7a del Poble, de 17 a 20h.&nbsp;<br>Un dels grans atractius ser\u00e0 el Taller de cuina M\u00e0ster Xef, que s&#8217;organitzar\u00e0 el dijous 29 de desembre a la Sala El Mercat de 18 a 20h.&nbsp;<br>Finalment, la Cavalcada de Reis, que ser\u00e0 el dijous 5 de gener, arrancar\u00e0 amb l&#8217;arribada dels Reis Mags a l&#8217;estaci\u00f3 a les 17h. Despr\u00e9s, a les 18h, donar\u00e0 principi la tradicional cavalcada des de l&#8217;Avinguda de la Violeta fins a l&#8217;Ajuntament. Tots els xiquets i xiquetes tindran una sorpresa de part dels Reis Mags. I a les 20.30h es repartiran els regals en els habitatges per part de les seues Majestats els Reis, nom\u00e9s els xiquets que han sigut agraciats, i que hauran d&#8217;apuntar-se pr\u00f2ximament en les xarxes socials de l&#8217;Ajuntament de Bunyol.<\/p>\n","protected":false},"excerpt":{"rendered":"<div class=\"mh-excerpt\">El Nadal torna a festejar-se en gran a Bunyol amb festes nocturnes en la Carpa del Planell, recepci\u00f3 de Pap\u00e0 Noel, Taller de cuina M\u00e0ster Xef i Cavalcada de Reis per als m\u00e9s xicotets La <a class=\"mh-excerpt-more\" href=\"https:\/\/www.tucomarca.com\/wordpress\/segunda\/ca\/bunyol-organitza-una-extensa-programacio-per-a-celebrar-el-nadal\/\" title=\"Bunyol organitza una extensa programaci\u00f3 per a celebrar el Nadal\">[+] <\/a><\/div>\n","protected":false},"author":12,"featured_media":173706,"comment_status":"open","ping_status":"open","sticky":false,"template":"","format":"standard","meta":{"footnotes":""},"categories":[11019,10911,10894,10912,11007,10896],"tags":[10913,10914,18452],"class_list":{"0":"post-173710","1":"post","2":"type-post","3":"status-publish","4":"format-standard","5":"has-post-thumbnail","7":"category-agenda-ca","8":"category-bunol-ca","9":"category-la-comarca-ca","10":"category-la-hoya-ca","11":"category-ocio-y-cultura-ca","12":"category-seccion-ca","13":"tag-bunol-ca","14":"tag-la-hoya-de-bunol-chiva-ca","15":"tag-navidad-2022-ca"},"_links":{"self":[{"href":"https:\/\/www.tucomarca.com\/wordpress\/segunda\/ca\/wp-json\/wp\/v2\/posts\/173710","targetHints":{"allow":["GET"]}}],"collection":[{"href":"https:\/\/www.tucomarca.com\/wordpress\/segunda\/ca\/wp-json\/wp\/v2\/posts"}],"about":[{"href":"https:\/\/www.tucomarca.com\/wordpress\/segunda\/ca\/wp-json\/wp\/v2\/types\/post"}],"author":[{"embeddable":true,"href":"https:\/\/www.tucomarca.com\/wordpress\/segunda\/ca\/wp-json\/wp\/v2\/users\/12"}],"replies":[{"embeddable":true,"href":"https:\/\/www.tucomarca.com\/wordpress\/segunda\/ca\/wp-json\/wp\/v2\/comments?post=173710"}],"version-history":[{"count":0,"href":"https:\/\/www.tucomarca.com\/wordpress\/segunda\/ca\/wp-json\/wp\/v2\/posts\/173710\/revisions"}],"wp:featuredmedia":[{"embeddable":true,"href":"https:\/\/www.tucomarca.com\/wordpress\/segunda\/ca\/wp-json\/wp\/v2\/media\/173706"}],"wp:attachment":[{"href":"https:\/\/www.tucomarca.com\/wordpress\/segunda\/ca\/wp-json\/wp\/v2\/media?parent=173710"}],"wp:term":[{"taxonomy":"category","embeddable":true,"href":"https:\/\/www.tucomarca.com\/wordpress\/segunda\/ca\/wp-json\/wp\/v2\/categories?post=173710"},{"taxonomy":"post_tag","embeddable":true,"href":"https:\/\/www.tucomarca.com\/wordpress\/segunda\/ca\/wp-json\/wp\/v2\/tags?post=173710"}],"curies":[{"name":"wp","href":"https:\/\/api.w.org\/{rel}","templated":true}]}}