{"id":173722,"date":"2022-12-07T14:00:00","date_gmt":"2022-12-07T12:00:00","guid":{"rendered":"https:\/\/www.tucomarca.com\/wordpress\/segunda\/?p=173722"},"modified":"2022-12-07T15:24:11","modified_gmt":"2022-12-07T13:24:11","slug":"lajuntament-de-benaguasil-programa-nombroses-activitats-de-cara-al-nadal","status":"publish","type":"post","link":"https:\/\/www.tucomarca.com\/wordpress\/segunda\/ca\/lajuntament-de-benaguasil-programa-nombroses-activitats-de-cara-al-nadal\/","title":{"rendered":"L&#8217;Ajuntament de Benaguasil programa nombroses activitats de cara al Nadal"},"content":{"rendered":"\n<h4 class=\"wp-block-heading\">L&#8217;encesa de les llums nadalenques donar\u00e0 el tret d&#8217;eixida al Nadal.<\/h4>\n\n\n\n<h4 class=\"wp-block-heading\">La programaci\u00f3 contempla activitats culturals, esportives i d&#8217;oci.<\/h4>\n\n\n\n<p>L&#8217;Ajuntament de Benaguasil, a trav\u00e9s de la regidoria de Festes i Joventut, ha preparat enguany un complet programa de Nadal per al gaudi de tots els p\u00fablics. La programaci\u00f3 que, t\u00e9 molt en compte als m\u00e9s xicotets, arrancar\u00e0 dem\u00e0 8 de desembre amb l&#8217;encesa de l&#8217;enllumenat t\u00edpic nadalenc que ja decora els carrers de Benaguasil, i tamb\u00e9 el Santuari de Montiel, una de les novetats de la il\u00b7luminaci\u00f3 nadalenca d&#8217;enguany.<br>Aix\u00ed ho ha assenyalat l&#8217;edil Ana Aleixandre, qui ha destacat l&#8217;extensa i completa programaci\u00f3 organitzada perqu\u00e8 el p\u00fablic infantil gaudi amb gran il\u00b7lusi\u00f3 d&#8217;aquestes dates entranyables.&nbsp;<br>El programa d&#8217;activitats es desenvolupar\u00e0 durant tot el mes de desembre i fins al 8 de gener. Una de les novetats de la programaci\u00f3 ser\u00e0 la fira d&#8217;atraccions que del 8 al 10 de desembre s&#8217;instal\u00b7lar\u00e0 en l&#8217;Avinguda de Montiel.<br>L&#8217;oferta d&#8217;oci i entreteniment es completa amb la fira d&#8217;Europa i el mercat nadalenc en el qual del 16 al 18 de desembre la ciutadania podr\u00e0 gaudir amb m\u00fasica ambientada en la tem\u00e0tica nadalenca, de jocs l\u00fadics per als m\u00e9s xicotets, tallers infantils, a m\u00e9s de demostracions d&#8217;alguns tallers d&#8217;artesania, i la visita de Papa Noel i del patge real.<\/p>\n\n\n\n<p>Una altra de les iniciatives que es desenvolupar\u00e0 durant les festes nadalenques \u00e9s l&#8217;escola de Nadal del 26 al 30 de desembre, dirigida a xiquets de 3 a 12 anys. La tem\u00e0tica general girar\u00e0 entorn de les diferents tradicions nadalenques que existeixen al voltant del m\u00f3n, realitzant tallers manuals i activitats l\u00fadiques relacionades amb el pa\u00eds a tractar.&nbsp;<\/p>\n\n\n\n<p>Aix\u00ed mateix amb la finalitat d&#8217;oferir alternatives d&#8217;oci saludable durant les vacances als m\u00e9s joves, l&#8217;Ajuntament ha organitzat per als dies 26 i 27 de desembre en el Centre de la Joventut la I Fira Gamer que, comptar\u00e0 amb PS4&#8217;s, Nintendos Switch, XBOX One i llocs de Realitat Virtual.<\/p>\n\n\n\n<p>Tamb\u00e9 per a la poblaci\u00f3 jove s&#8217;ha organitzat l&#8217;III Torneig de Futbol Sala en les instal\u00b7lacions del complex esportiu, del 28 al 30 de desembre.<\/p>\n\n\n\n<p>El programa d&#8217;activitats es completa amb la fira de Reis del 2 al 8 de gener, una jornada infantil en la Pla\u00e7a el 4 de gener i la cavalcada de Reis pels carrers de Benaguasil el 5 de gener.<\/p>\n","protected":false},"excerpt":{"rendered":"<div class=\"mh-excerpt\">L&#8217;encesa de les llums nadalenques donar\u00e0 el tret d&#8217;eixida al Nadal. La programaci\u00f3 contempla activitats culturals, esportives i d&#8217;oci. L&#8217;Ajuntament de Benaguasil, a trav\u00e9s de la regidoria de Festes i Joventut, ha preparat enguany un <a class=\"mh-excerpt-more\" href=\"https:\/\/www.tucomarca.com\/wordpress\/segunda\/ca\/lajuntament-de-benaguasil-programa-nombroses-activitats-de-cara-al-nadal\/\" title=\"L&#8217;Ajuntament de Benaguasil programa nombroses activitats de cara al Nadal\">[+] <\/a><\/div>\n","protected":false},"author":12,"featured_media":173721,"comment_status":"open","ping_status":"open","sticky":false,"template":"","format":"standard","meta":{"footnotes":""},"categories":[11019,10952,10892,10894,11007,10896],"tags":[11136,10899,18452],"class_list":{"0":"post-173722","1":"post","2":"type-post","3":"status-publish","4":"format-standard","5":"has-post-thumbnail","7":"category-agenda-ca","8":"category-benaguasil-ca","9":"category-camp-de-turia-ca","10":"category-la-comarca-ca","11":"category-ocio-y-cultura-ca","12":"category-seccion-ca","13":"tag-benaguasil-ca","14":"tag-camp-de-turia-ca","15":"tag-navidad-2022-ca"},"_links":{"self":[{"href":"https:\/\/www.tucomarca.com\/wordpress\/segunda\/ca\/wp-json\/wp\/v2\/posts\/173722","targetHints":{"allow":["GET"]}}],"collection":[{"href":"https:\/\/www.tucomarca.com\/wordpress\/segunda\/ca\/wp-json\/wp\/v2\/posts"}],"about":[{"href":"https:\/\/www.tucomarca.com\/wordpress\/segunda\/ca\/wp-json\/wp\/v2\/types\/post"}],"author":[{"embeddable":true,"href":"https:\/\/www.tucomarca.com\/wordpress\/segunda\/ca\/wp-json\/wp\/v2\/users\/12"}],"replies":[{"embeddable":true,"href":"https:\/\/www.tucomarca.com\/wordpress\/segunda\/ca\/wp-json\/wp\/v2\/comments?post=173722"}],"version-history":[{"count":0,"href":"https:\/\/www.tucomarca.com\/wordpress\/segunda\/ca\/wp-json\/wp\/v2\/posts\/173722\/revisions"}],"wp:featuredmedia":[{"embeddable":true,"href":"https:\/\/www.tucomarca.com\/wordpress\/segunda\/ca\/wp-json\/wp\/v2\/media\/173721"}],"wp:attachment":[{"href":"https:\/\/www.tucomarca.com\/wordpress\/segunda\/ca\/wp-json\/wp\/v2\/media?parent=173722"}],"wp:term":[{"taxonomy":"category","embeddable":true,"href":"https:\/\/www.tucomarca.com\/wordpress\/segunda\/ca\/wp-json\/wp\/v2\/categories?post=173722"},{"taxonomy":"post_tag","embeddable":true,"href":"https:\/\/www.tucomarca.com\/wordpress\/segunda\/ca\/wp-json\/wp\/v2\/tags?post=173722"}],"curies":[{"name":"wp","href":"https:\/\/api.w.org\/{rel}","templated":true}]}}