{"id":173750,"date":"2022-12-07T16:00:00","date_gmt":"2022-12-07T14:00:00","guid":{"rendered":"https:\/\/www.tucomarca.com\/wordpress\/segunda\/?p=173750"},"modified":"2022-12-07T20:38:12","modified_gmt":"2022-12-07T18:38:12","slug":"el-prya-sollicita-en-el-ple-de-requena-la-reparacio-del-pont-sobre-la-via-del-tren-al-costat-de-la-rotonda-de-les-penyes","status":"publish","type":"post","link":"https:\/\/www.tucomarca.com\/wordpress\/segunda\/ca\/el-prya-sollicita-en-el-ple-de-requena-la-reparacio-del-pont-sobre-la-via-del-tren-al-costat-de-la-rotonda-de-les-penyes\/","title":{"rendered":"El PRyA sol\u00b7licita en el ple de Requena la reparaci\u00f3 del pont sobre la via del tren, al costat de la rotonda de Les Penyes"},"content":{"rendered":"\n<p>&#8220;L&#8217;entrada a Requena per la rotonda de Les Penyes es troba en una situaci\u00f3 lamentable a causa de la falta de manteniment per part del govern socialista de Mario S\u00e1nchez&#8221;, segons assegura en el seu comunicat el Partit de Requena i Llogarets.<\/p>\n\n\n\n<p>&#8220;En el passat ple, el Partit de Requena i Llogarets va sol\u00b7licitar la reparaci\u00f3 del pont situat sobre les vies del tren, en l&#8217;entrada a Requena pel barri de Les Penyes.&nbsp;<br>Aquesta via d&#8217;entrada a la nostra ciutat, molt transitada per vehicles que venen de l&#8217;autovia, es troba en una situaci\u00f3 de deterioraci\u00f3 molt avan\u00e7ada pel pas dels anys i la falta de manteniment.<br>Diversos ve\u00efns han comunicat aquesta situaci\u00f3 al PRyA perqu\u00e8 sol\u00b7licitem la seua reparaci\u00f3 a l&#8217;Ajuntament de Requena, el qual \u00e9s titular d&#8217;aquest tram de carretera.<br>A causa del mal estat per l&#8217;enfonsament de l&#8217;asfalt d&#8217;aquesta via, els vehicles pateixen colps, que en el cas d&#8217;autobusos es veuen incrementats per la seua grand\u00e0ria.&nbsp;<br>La falta de manteniment per part del govern socialista de Mario S\u00e1nchez durant aquests anys ha fet que la deterioraci\u00f3 d&#8217;aquest pont s&#8217;accentue. Tal vegada el govern requenense est\u00e0 en altres coses, per\u00f2 la realitat \u00e9s que tot el municipi es troba deteriorat a causa de la inactivitat i falta de gesti\u00f3 del govern de PSOE i Podemos.&nbsp;<br>Per tot aix\u00f2, des del PRyA sol\u00b7licitem al govern del PSOE la reparaci\u00f3 d&#8217;aquest pont i l&#8217;asfaltat necessari per a no danyar els vehicles al seu pas per aquesta via d&#8217;acc\u00e9s a Requena&#8221;.<\/p>\n\n\n\n<p><\/p>\n","protected":false},"excerpt":{"rendered":"<div class=\"mh-excerpt\">&#8220;L&#8217;entrada a Requena per la rotonda de Les Penyes es troba en una situaci\u00f3 lamentable a causa de la falta de manteniment per part del govern socialista de Mario S\u00e1nchez&#8221;, segons assegura en el seu <a class=\"mh-excerpt-more\" href=\"https:\/\/www.tucomarca.com\/wordpress\/segunda\/ca\/el-prya-sollicita-en-el-ple-de-requena-la-reparacio-del-pont-sobre-la-via-del-tren-al-costat-de-la-rotonda-de-les-penyes\/\" title=\"El PRyA sol\u00b7licita en el ple de Requena la reparaci\u00f3 del pont sobre la via del tren, al costat de la rotonda de Les Penyes\">[+] <\/a><\/div>\n","protected":false},"author":12,"featured_media":173746,"comment_status":"open","ping_status":"open","sticky":false,"template":"","format":"standard","meta":{"footnotes":""},"categories":[10948,10894,10947,10908,10909,10896],"tags":[12796,11099,10910],"class_list":{"0":"post-173750","1":"post","2":"type-post","3":"status-publish","4":"format-standard","5":"has-post-thumbnail","7":"category-infraestructuras-ca","8":"category-la-comarca-ca","9":"category-politica","10":"category-requena-ca","11":"category-requena-utiel-ca","12":"category-seccion-ca","13":"tag-prya-ca","14":"tag-requena-ca","15":"tag-requena-utiel-ca"},"_links":{"self":[{"href":"https:\/\/www.tucomarca.com\/wordpress\/segunda\/ca\/wp-json\/wp\/v2\/posts\/173750","targetHints":{"allow":["GET"]}}],"collection":[{"href":"https:\/\/www.tucomarca.com\/wordpress\/segunda\/ca\/wp-json\/wp\/v2\/posts"}],"about":[{"href":"https:\/\/www.tucomarca.com\/wordpress\/segunda\/ca\/wp-json\/wp\/v2\/types\/post"}],"author":[{"embeddable":true,"href":"https:\/\/www.tucomarca.com\/wordpress\/segunda\/ca\/wp-json\/wp\/v2\/users\/12"}],"replies":[{"embeddable":true,"href":"https:\/\/www.tucomarca.com\/wordpress\/segunda\/ca\/wp-json\/wp\/v2\/comments?post=173750"}],"version-history":[{"count":0,"href":"https:\/\/www.tucomarca.com\/wordpress\/segunda\/ca\/wp-json\/wp\/v2\/posts\/173750\/revisions"}],"wp:featuredmedia":[{"embeddable":true,"href":"https:\/\/www.tucomarca.com\/wordpress\/segunda\/ca\/wp-json\/wp\/v2\/media\/173746"}],"wp:attachment":[{"href":"https:\/\/www.tucomarca.com\/wordpress\/segunda\/ca\/wp-json\/wp\/v2\/media?parent=173750"}],"wp:term":[{"taxonomy":"category","embeddable":true,"href":"https:\/\/www.tucomarca.com\/wordpress\/segunda\/ca\/wp-json\/wp\/v2\/categories?post=173750"},{"taxonomy":"post_tag","embeddable":true,"href":"https:\/\/www.tucomarca.com\/wordpress\/segunda\/ca\/wp-json\/wp\/v2\/tags?post=173750"}],"curies":[{"name":"wp","href":"https:\/\/api.w.org\/{rel}","templated":true}]}}