{"id":174041,"date":"2022-12-14T13:05:00","date_gmt":"2022-12-14T11:05:00","guid":{"rendered":"https:\/\/www.tucomarca.com\/wordpress\/segunda\/?p=174041"},"modified":"2022-12-14T20:36:07","modified_gmt":"2022-12-14T18:36:07","slug":"csif-denuncia-la-installacio-de-pacients-en-un-corredor-sense-cortines-a-lhospital-de-la-ribera-i-urgeix-a-ampliar-espais","status":"publish","type":"post","link":"https:\/\/www.tucomarca.com\/wordpress\/segunda\/ca\/csif-denuncia-la-installacio-de-pacients-en-un-corredor-sense-cortines-a-lhospital-de-la-ribera-i-urgeix-a-ampliar-espais\/","title":{"rendered":"CSIF denuncia la instal\u00b7laci\u00f3 de pacients en un corredor sense cortines a l&#8217;hospital de la Ribera i urgeix a ampliar espais"},"content":{"rendered":"\n<h4 class=\"wp-block-heading\">El sindicat lamenta que el departament rec\u00f3rrega a \u201cpegats\u201d en lloc d&#8217;aplicar solucions definitives amb refor\u00e7 de plantilla en totes les categories<\/h4>\n\n\n\n<h4 class=\"wp-block-heading\">Al seu torn l&#8217;hospital informa que gr\u00e0cies a les mesures adoptades, s&#8217;est\u00e0 solucionant aquest pic assistencial en el Servei d&#8217;Urg\u00e8ncies, de manera que, durant el dia de hui, passaran a planta tots els pacients que es trobaven en espera de llit aquest mat\u00ed<\/h4>\n\n\n\n<p>El sindicat CSIF denuncia que la falta d&#8217;espai a l&#8217;hospital de la Ribera ha provocat que la direcci\u00f3 del centre haja instal\u00b7lat, durant unes hores, pacients d&#8217;Urg\u00e8ncies en un corredor sense els mitjans adequats. La central sindical reclama l&#8217;obertura urgent del recinte constru\u00eft en plena pand\u00e8mia per a refor\u00e7ar el servei d&#8217;Urg\u00e8ncies i exigeix un increment immediat de personal.<br>La Central Sindical Independent i de Funcionaris (CSIF) explica que el dilluns van ser atesos 411 pacients en Urg\u00e8ncies de l&#8217;hospital de la Ribera, a Alzira, i el dimarts va arribar a tractar fins a 372. Aquesta situaci\u00f3 es produeix amb escassetat d&#8217;espai en plantes per a instal\u00b7lar a pacients que requereixen ingr\u00e9s i amb la zona creada en 2020 per a atendre urg\u00e8ncies respirat\u00f2ries utilitzada en l&#8217;actualitat com a hospital de dia, sense respondre a l&#8217;\u00fas per al qual es va dissenyar.<br>El sindicat recalca que aqueixa manca de l&#8217;espai suficient va derivar en qu\u00e8 ahir hi haguera pacients en llit instal\u00b7lats en el corredor que enlla\u00e7a Urg\u00e8ncies amb Consultes Externes. La central sindical lamenta aquesta circumst\u00e0ncia, ja que, com a den\u00fancia, \u201caquest lloc \u00e9s un corredor d&#8217;evacuaci\u00f3 sense cortines separadores ni preses d&#8217;oxigen, entre altres mancances, a m\u00e9s dels corrents d&#8217;aire que pateixen els pacients\u201d.<br>CSIF considera \u201cinadmissible que la direcci\u00f3 de l&#8217;hospital rec\u00f3rrega a pegats en lloc d&#8217;aplicar solucions amb les condicions adequades, com la zona d&#8217;urg\u00e8ncies respirat\u00f2ries\u201d. La central sindical assenyala que, mentrestant, continua la saturaci\u00f3 a l&#8217;hospital, amb 19 pacients aquest mat\u00ed a l&#8217;espera de ser ingressats en planta per falta d&#8217;espai i amb els boxs duplicats.<br>La central sindical exigeix que, amb car\u00e0cter immediat, s&#8217;utilitze la zona d&#8217;urg\u00e8ncies respirat\u00f2ries per a la finalitat per a la qual es va crear, i no com ocorre en l&#8217;actualitat, que s&#8217;empra com a hospital de dia. A m\u00e9s, reclama refor\u00e7os urgents de personal en totes les categories en el servei d&#8217;Urg\u00e8ncies i recorda que estan duplicant la seua labor, ja que at\u00e9n els pacients que arriben i, al mateix temps, als qui estan en boxs durant hores a l&#8217;espera de llit lliure en planta.<\/p>\n\n\n\n<p><strong>Comunicat de l&#8217;Hospital de La Ribera<\/strong><\/p>\n\n\n\n<p>En refer\u00e8ncia al comunicat em\u00e9s hui per un sindicat sobre les Urg\u00e8ncies de l&#8217;Hospital Universitari de la Ribera, es vol fer constar el seg\u00fcent:<\/p>\n\n\n\n<ol class=\"wp-block-list\"><li>Tal com ja vam comentar ahir, des de l&#8217;inici de setmana s&#8217;ha notat un increment de les Urg\u00e8ncies ateses a l&#8217;Hospital Universitari de la Ribera, atribu\u00efble a les descompensacions pr\u00f2pies de les persones ancianes en aquesta \u00e8poca de l&#8217;any, patologies respirat\u00f2ries que solen ser m\u00e9s freq\u00fcents a l&#8217;hivern i que, despr\u00e9s de dos anys de pand\u00e8mia, estan afectant m\u00e9s la poblaci\u00f3 enguany i al llarg pont festiu de la setmana passada.<\/li><li>Davant aquest increment del nombre d&#8217;Urg\u00e8ncies, la Direcci\u00f3 d&#8217;aquest centre sanitari ha pres totes les mesures al seu abast per a assegurar la correcta assist\u00e8ncia als pacients atesos i als quals han de ser ingressats.\u00a0<\/li><li>En aquest sentit, cal destacar que, gr\u00e0cies a les mesures adoptades, s&#8217;est\u00e0 solucionant aquest pic assistencial en el Servei d&#8217;Urg\u00e8ncies, de manera que, durant el dia de hui, passaran a planta tots els pacients que es trobaven en espera de llit aquest mat\u00ed.\u00a0<\/li><li>Entre les mesures adoptades destaca el refor\u00e7 de tots els torns amb una infermera i una auxiliar m\u00e9s, l&#8217;ingr\u00e9s de pacients per part de la Unitat d&#8217;Hospitalitzaci\u00f3 a domicili (UHD) en tots els casos possibles, i l&#8217;agilitaci\u00f3 de les altes hospital\u00e0ries.\u00a0<\/li><li>Reiterem que tots i cadascun dels pacients que es troben en espera de llit en el Servei d&#8217;Urg\u00e8ncies estan sent convenientment atesos.\u00a0<\/li><li>L&#8217;anomenada \u00c0rea de Respiratori a la qual fa refer\u00e8ncia el sindicat en el seu comunicat, s&#8217;utilitza com a unitat de tractaments hospitalaris no oncol\u00f2gics, tal com des d&#8217;aquest centre hospitalari s&#8217;ha explicat en nombroses ocasions, per la qual cosa no pot destinar-se a altres usos. Es tracta d&#8217;una zona on els pacients que han de rebre aquests tractaments (una mitjana di\u00e0ria d&#8217;entre 40 i 50 persones) compten amb les condicions de confortabilitat necess\u00e0ries per a la seua administraci\u00f3, tenint en compte que aquests tractaments s\u00f3n casa vegada m\u00e9s freq\u00fcents donada l&#8217;alta especialitzaci\u00f3 de l&#8217;Hospital Universitari de la Ribera.\u00a0<\/li><li>Cal recordar que des de 2018, la plantilla de metges, infermers i TCAEs del Servei d&#8217;Urg\u00e8ncies de l&#8217;Hospital de la Ribera s&#8217;ha incrementat en un 30% i la de zeladors en un 67%.\u00a0<\/li><li>Aquest Servei compta, en l&#8217;actualitat, amb una plantilla estructural composta per 169 professionals. D&#8217;ells, 41 s\u00f3n facultatius, 56 s\u00f3n infermers, 37 s\u00f3n auxiliars d&#8217;Infermeria i 35 zeladors. Aquestes dades suposen complir, \u00e0mpliament, amb les r\u00e0tios recomanades pel Ministeri de Sanitat per als serveis d&#8217;Urg\u00e8ncies hospitalaris.\u00a0<\/li><li>En definitiva, l&#8217;Hospital Universitari de la Ribera ha tingut aquests dos dies un pic de demanda assistencial, com \u00e9s freq\u00fcent en aquesta \u00e8poca de l&#8217;any i igual que en la resta d&#8217;hospitals, que s&#8217;ha solucionat satisfact\u00f2riament gr\u00e0cies a les mesures adoptades.\u00a0<\/li><li>Com ja s&#8217;ha assenyalat en altres ocasions, l&#8217;Hospital de la Ribera t\u00e9 una grand\u00e0ria d&#8217;hospital comarcal, per\u00f2 una activitat assistencial d&#8217;hospital terciari, similar a la d&#8217;hospitals com el General de Castell\u00f3 o el Dr. Peset de Val\u00e8ncia i el seu Servei d&#8217;Urg\u00e8ncies at\u00e9n una mitjana d&#8217;unes 362 urg\u00e8ncies di\u00e0ries.<\/li><\/ol>\n","protected":false},"excerpt":{"rendered":"<div class=\"mh-excerpt\">El sindicat lamenta que el departament rec\u00f3rrega a \u201cpegats\u201d en lloc d&#8217;aplicar solucions definitives amb refor\u00e7 de plantilla en totes les categories Al seu torn l&#8217;hospital informa que gr\u00e0cies a les mesures adoptades, s&#8217;est\u00e0 solucionant <a class=\"mh-excerpt-more\" href=\"https:\/\/www.tucomarca.com\/wordpress\/segunda\/ca\/csif-denuncia-la-installacio-de-pacients-en-un-corredor-sense-cortines-a-lhospital-de-la-ribera-i-urgeix-a-ampliar-espais\/\" title=\"CSIF denuncia la instal\u00b7laci\u00f3 de pacients en un corredor sense cortines a l&#8217;hospital de la Ribera i urgeix a ampliar espais\">[+] <\/a><\/div>\n","protected":false},"author":12,"featured_media":174040,"comment_status":"open","ping_status":"open","sticky":false,"template":"","format":"standard","meta":{"footnotes":""},"categories":[10889,11010,10898,10948,10894,10902,10947,10896,10897],"tags":[12838,12491,11356],"class_list":{"0":"post-174041","1":"post","2":"type-post","3":"status-publish","4":"format-standard","5":"has-post-thumbnail","7":"category-alzira-cat","8":"category-canal-salud","9":"category-ventana-ca","10":"category-infraestructuras-ca","11":"category-la-comarca-ca","12":"category-la-ribera-ca","13":"category-politica","14":"category-seccion-ca","15":"category-sucesos-la-comarca-ca","16":"tag-hospital-de-alzira-ca","17":"tag-hospital-de-la-ribera-ca","18":"tag-ribera-alta-ca"},"_links":{"self":[{"href":"https:\/\/www.tucomarca.com\/wordpress\/segunda\/ca\/wp-json\/wp\/v2\/posts\/174041","targetHints":{"allow":["GET"]}}],"collection":[{"href":"https:\/\/www.tucomarca.com\/wordpress\/segunda\/ca\/wp-json\/wp\/v2\/posts"}],"about":[{"href":"https:\/\/www.tucomarca.com\/wordpress\/segunda\/ca\/wp-json\/wp\/v2\/types\/post"}],"author":[{"embeddable":true,"href":"https:\/\/www.tucomarca.com\/wordpress\/segunda\/ca\/wp-json\/wp\/v2\/users\/12"}],"replies":[{"embeddable":true,"href":"https:\/\/www.tucomarca.com\/wordpress\/segunda\/ca\/wp-json\/wp\/v2\/comments?post=174041"}],"version-history":[{"count":0,"href":"https:\/\/www.tucomarca.com\/wordpress\/segunda\/ca\/wp-json\/wp\/v2\/posts\/174041\/revisions"}],"wp:featuredmedia":[{"embeddable":true,"href":"https:\/\/www.tucomarca.com\/wordpress\/segunda\/ca\/wp-json\/wp\/v2\/media\/174040"}],"wp:attachment":[{"href":"https:\/\/www.tucomarca.com\/wordpress\/segunda\/ca\/wp-json\/wp\/v2\/media?parent=174041"}],"wp:term":[{"taxonomy":"category","embeddable":true,"href":"https:\/\/www.tucomarca.com\/wordpress\/segunda\/ca\/wp-json\/wp\/v2\/categories?post=174041"},{"taxonomy":"post_tag","embeddable":true,"href":"https:\/\/www.tucomarca.com\/wordpress\/segunda\/ca\/wp-json\/wp\/v2\/tags?post=174041"}],"curies":[{"name":"wp","href":"https:\/\/api.w.org\/{rel}","templated":true}]}}