{"id":174163,"date":"2022-12-15T12:00:00","date_gmt":"2022-12-15T10:00:00","guid":{"rendered":"https:\/\/www.tucomarca.com\/wordpress\/segunda\/?p=174163"},"modified":"2022-12-15T23:26:28","modified_gmt":"2022-12-15T21:26:28","slug":"benaguasil-celebra-el-seu-mercat-nadalenc-aquest-cap-de-setmana","status":"publish","type":"post","link":"https:\/\/www.tucomarca.com\/wordpress\/segunda\/ca\/benaguasil-celebra-el-seu-mercat-nadalenc-aquest-cap-de-setmana\/","title":{"rendered":"Benaguasil celebra el seu Mercat Nadalenc aquest cap de setmana"},"content":{"rendered":"\n<h4 class=\"wp-block-heading\">El Mercat de Nadal\u201d comen\u00e7ar\u00e0 aquest divendres 7 i s&#8217;estendr\u00e0 fins al diumenge 18 de desembre.<\/h4>\n\n\n\n<h4 class=\"wp-block-heading\">S&#8217;emmarca dins de la programaci\u00f3 nadalenca organitzada per l&#8217;ajuntament per a aquestes festes.<\/h4>\n\n\n\n<p>La pla\u00e7a major de Benaguasil acollir\u00e0 aquest cap de setmana un Mercat de Nadal amb diversos llocs en els quals, s&#8217;oferiran diferents productes perqu\u00e8 la ciutadania puga adquirir el necessari per a aquestes dates.&nbsp;<br>L&#8217;obertura tindr\u00e0 lloc dem\u00e0 divendres, a les 17:30h, amb una desfilada itinerant amb m\u00fasics, xanquers i els personatges favorits dels m\u00e9s xicotets.<br>A m\u00e9s de llocs de cosm\u00e8tica natural, artesania, bijuteria, productes d&#8217;alimentaci\u00f3 saludable, etc, el mercat comptar\u00e0 amb activitats, jocs i tallers infantils de tem\u00e0tica nadalenca, contes, espectacles de circ i animaci\u00f3 per a totes les edats, a m\u00e9s de propostes gastron\u00f2miques.&nbsp;<br>Al mercat se suma una pista de patinatge i l&#8217;arribada dels carters reals que durant els tres dies estaran recollint les cartes dels m\u00e9s xicotets amb els seus desitjos.<br>La regidor de l&#8217;\u00e0rea, Ana Aleixandre, ha animat a la ciutadania a visitar aquest mercat que pret\u00e9n omplir d&#8217;alegria aquestes festes assenyalades i generar un ambient d&#8217;il\u00b7lusi\u00f3 i entusiasme entre la poblaci\u00f3.<br>El mercat comptar\u00e0 amb el seg\u00fcent horari: el divendres de 17:30h a 22.00 hores, i el dissabte i diumenge de 11:00h a 14:30h hores i de 17:00h a 22.00 hores<br>Projecte Europeu You&amp;EU<br>A m\u00e9s del mercat nadalenc, aquest cap de setmana Benaguasil tamb\u00e9 acollir\u00e0 el Projecte Europeu YOU&amp;EU amb la pres\u00e8ncia de joves de Benaguasil, Alemanya i de B\u00e8lgica per a explicar les oportunitats de formaci\u00f3 i ocupaci\u00f3 de la Uni\u00f3 Europea a joves entre 18 i 30 anys.<\/p>\n\n\n\n<p><\/p>\n","protected":false},"excerpt":{"rendered":"<div class=\"mh-excerpt\">El Mercat de Nadal\u201d comen\u00e7ar\u00e0 aquest divendres 7 i s&#8217;estendr\u00e0 fins al diumenge 18 de desembre. S&#8217;emmarca dins de la programaci\u00f3 nadalenca organitzada per l&#8217;ajuntament per a aquestes festes. La pla\u00e7a major de Benaguasil acollir\u00e0 <a class=\"mh-excerpt-more\" href=\"https:\/\/www.tucomarca.com\/wordpress\/segunda\/ca\/benaguasil-celebra-el-seu-mercat-nadalenc-aquest-cap-de-setmana\/\" title=\"Benaguasil celebra el seu Mercat Nadalenc aquest cap de setmana\">[+] <\/a><\/div>\n","protected":false},"author":12,"featured_media":174166,"comment_status":"open","ping_status":"open","sticky":false,"template":"","format":"standard","meta":{"footnotes":""},"categories":[11019,10952,10892,10948,10894,11007,10896],"tags":[11136,10899,18499,18500],"class_list":{"0":"post-174163","1":"post","2":"type-post","3":"status-publish","4":"format-standard","5":"has-post-thumbnail","7":"category-agenda-ca","8":"category-benaguasil-ca","9":"category-camp-de-turia-ca","10":"category-infraestructuras-ca","11":"category-la-comarca-ca","12":"category-ocio-y-cultura-ca","13":"category-seccion-ca","14":"tag-benaguasil-ca","15":"tag-camp-de-turia-ca","16":"tag-mercado-de-navidad-ca","17":"tag-proyecto-europeo-youeu-ca"},"_links":{"self":[{"href":"https:\/\/www.tucomarca.com\/wordpress\/segunda\/ca\/wp-json\/wp\/v2\/posts\/174163","targetHints":{"allow":["GET"]}}],"collection":[{"href":"https:\/\/www.tucomarca.com\/wordpress\/segunda\/ca\/wp-json\/wp\/v2\/posts"}],"about":[{"href":"https:\/\/www.tucomarca.com\/wordpress\/segunda\/ca\/wp-json\/wp\/v2\/types\/post"}],"author":[{"embeddable":true,"href":"https:\/\/www.tucomarca.com\/wordpress\/segunda\/ca\/wp-json\/wp\/v2\/users\/12"}],"replies":[{"embeddable":true,"href":"https:\/\/www.tucomarca.com\/wordpress\/segunda\/ca\/wp-json\/wp\/v2\/comments?post=174163"}],"version-history":[{"count":0,"href":"https:\/\/www.tucomarca.com\/wordpress\/segunda\/ca\/wp-json\/wp\/v2\/posts\/174163\/revisions"}],"wp:featuredmedia":[{"embeddable":true,"href":"https:\/\/www.tucomarca.com\/wordpress\/segunda\/ca\/wp-json\/wp\/v2\/media\/174166"}],"wp:attachment":[{"href":"https:\/\/www.tucomarca.com\/wordpress\/segunda\/ca\/wp-json\/wp\/v2\/media?parent=174163"}],"wp:term":[{"taxonomy":"category","embeddable":true,"href":"https:\/\/www.tucomarca.com\/wordpress\/segunda\/ca\/wp-json\/wp\/v2\/categories?post=174163"},{"taxonomy":"post_tag","embeddable":true,"href":"https:\/\/www.tucomarca.com\/wordpress\/segunda\/ca\/wp-json\/wp\/v2\/tags?post=174163"}],"curies":[{"name":"wp","href":"https:\/\/api.w.org\/{rel}","templated":true}]}}