{"id":174188,"date":"2022-12-16T09:00:00","date_gmt":"2022-12-16T07:00:00","guid":{"rendered":"https:\/\/www.tucomarca.com\/wordpress\/segunda\/?p=174188"},"modified":"2022-12-16T21:41:34","modified_gmt":"2022-12-16T19:41:34","slug":"setanta-associats-participen-en-la-primera-sessio-de-treball-entre-lamic-i-google","status":"publish","type":"post","link":"https:\/\/www.tucomarca.com\/wordpress\/segunda\/ca\/setanta-associats-participen-en-la-primera-sessio-de-treball-entre-lamic-i-google\/","title":{"rendered":"<strong>Setanta associats participen en la primera sessi\u00f3 de treball entre l&#8217;AMIC i Google<\/strong>"},"content":{"rendered":"\n<h4 class=\"wp-block-heading\">L\u2019acte ha estat adre\u00e7at als editors i redactors dels mitjans d\u2019informaci\u00f3 associats a l\u2019AMIC<\/h4>\n\n\n\n<figure class=\"wp-block-image size-full\"><img loading=\"lazy\" decoding=\"async\" width=\"886\" height=\"665\" src=\"http:\/\/www.tucomarca.com\/wordpress\/segunda\/wp-content\/uploads\/2022\/12\/AMIC_Google1.jpg\" alt=\"\" class=\"wp-image-174183\" srcset=\"https:\/\/www.tucomarca.com\/wordpress\/segunda\/wp-content\/uploads\/2022\/12\/AMIC_Google1.jpg 886w, https:\/\/www.tucomarca.com\/wordpress\/segunda\/wp-content\/uploads\/2022\/12\/AMIC_Google1-300x225.jpg 300w, https:\/\/www.tucomarca.com\/wordpress\/segunda\/wp-content\/uploads\/2022\/12\/AMIC_Google1-768x576.jpg 768w, https:\/\/www.tucomarca.com\/wordpress\/segunda\/wp-content\/uploads\/2022\/12\/AMIC_Google1-678x509.jpg 678w, https:\/\/www.tucomarca.com\/wordpress\/segunda\/wp-content\/uploads\/2022\/12\/AMIC_Google1-326x245.jpg 326w, https:\/\/www.tucomarca.com\/wordpress\/segunda\/wp-content\/uploads\/2022\/12\/AMIC_Google1-80x60.jpg 80w\" sizes=\"auto, (max-width: 886px) 100vw, 886px\" \/><\/figure>\n\n\n\n<p>La primera sessi\u00f3 de treball entre l\u2019AMIC i Google, organitzada per l\u2019Associaci\u00f3, amb el suport del Departament de Presid\u00e8ncia de la Generalitat de Catalunya i amb la col\u00b7laboraci\u00f3 de la Fundaci\u00f3 .CAT i la Fundaci\u00f3 \u201cLa Caixa\u201d, ha comptat amb la participaci\u00f3 de setanta editors i redactors del mitjans associats a l\u2019AMIC, aquest mat\u00ed 15 de desembre a l\u2019Auditori del Col\u00b7legi d\u2019Arquitectes de Catalunya.<\/p>\n\n\n\n<p>L&#8217;AMIC i Google han iniciat amb aquesta primera sessi\u00f3 de treball una col\u00b7laboraci\u00f3 que t\u00e9 el prop\u00f2sit d&#8217;establir una relaci\u00f3 m\u00e9s estreta per donar resposta als canvis en l&#8217;escenari europeu, l&#8217;entrada en vigor de la nova directiva sobre continguts digitals, entre d\u2019altres.<\/p>\n\n\n\n<p>El secretari general de l\u2019AMIC, <strong>Josep Ritort<\/strong>, ha estat l\u2019encarregat de presentar l\u2019esdeveniment i ha destacat que \u201ca trav\u00e9s d\u2019aquestes trobades hem de buscar f\u00f3rmules o acords amb Google per millorar tots, els mitjans de proximitat, els tem\u00e0tics, posant especial \u00e8mfasi en els mitjans de parla catalana a Internet\u201d.<\/p>\n\n\n\n<p>A m\u00e9s ha afegit, en paraules del president de l\u2019AMIC, <strong>Ramon Grau<\/strong>, \u201caquesta activitat amb Google \u00e9s una mostra m\u00e9s de la voluntat de l&#8217;AMIC per establir acords de col\u00b7laboraci\u00f3 amb els agents principals de l&#8217;ecosistema digital. Tenir una via directa de comunicaci\u00f3 amb aquesta corporaci\u00f3 tecnol\u00f2gica \u00e9s fonamental per donar resposta a les necessitats dels seus associats i alhora poder continuar innovant en el sector de la premsa de proximitat i treballar per una millor pres\u00e8ncia de la llengua catalana en aquestes plataformes digitals\u201d.<\/p>\n\n\n\n<p>A continuaci\u00f3 ha comen\u00e7at la sessi\u00f3, la qual ha anat a c\u00e0rrec de <strong>Luis Collado<\/strong>, director s\u00e8nior de Google Spain i responsable dels acords amb els mitjans informatius, el qual ha compartit amb els associats de l\u2019AMIC de quina manera Google treballa amb les not\u00edcies i com els seus productes volen donar resposta a les necessitats de la premsa de proximitat. Aix\u00ed mateix, ha analitzat el nou marc legislatiu europeu i la manera en qu\u00e8 impactar\u00e0 en els mitjans digitals.<\/p>\n\n\n\n<p>El ponent ha remarcat que <strong>Google<\/strong> \u00e9s una finestra perqu\u00e8 els usuaris accedeixin als continguts. \u201cNo som editors, ni creadors. La plataforma \u00e9s l\u2019intermediari entre els mitjans i el consumidor\u201d. Subratllat que actualment \u201cm\u00e9s del 80% del consum d\u2019informaci\u00f3 es fa a trav\u00e9s del m\u00f2bil i aix\u00f2 suposa un canvi molt important a l\u2019hora de generar el contingut, distribuir-lo i millorar l\u2019experi\u00e8ncia d\u2019usuari\u201d.<\/p>\n\n\n\n<p>D\u2019altra banda, tamb\u00e9 ha explicat els <strong>principals factors que afecten la rellev\u00e0ncia<\/strong> dels diferents productes de Google com s\u00f3n: la rellev\u00e0ncia, ubicaci\u00f3, promin\u00e8ncia, autoritat, actualitat, usabilitat, interessos de l\u2019usuari. Uns criteris, tal com ha afirmat el ponent, \u201cb\u00e0sics, per\u00f2 els quals s\u2019han de tenir en compte a l\u2019hora de crear un contingut\u201d. I ha remarcat la penalitzaci\u00f3 de continguts dins el cercador a causa del pescaclics, enlla\u00e7os trencats, original, branded content, desinformaci\u00f3, etc.<\/p>\n\n\n\n<p>Entre els productes de Google i les seves possibilitats trobem <strong>Google Discover<\/strong> un buscador personalitzat, visual i interactiu i <strong>Google News<\/strong>, dividit entre quatre seccions. El cercador actualment prioritza les not\u00edcies locals, les quals encara que tinguin una dimensi\u00f3 menys global, se\u2019ls hi intenta donar rellev\u00e0ncia a les not\u00edcies properes a l\u2019usuari.&nbsp;<\/p>\n\n\n\n<p>Per finalitzar, Collado ha exposat el nou marc regulador, el qual ve marcat per la <strong>directiva de Copyright<\/strong>, la qual indica que les plataformes digitals o xarxes socials, com Google, no poden mostrar els continguts sense tenir autoritzaci\u00f3 pr\u00e8via per part de l\u2019editor. I si no es t\u00e9, nom\u00e9s pot utilitzar l\u2019URL o el que anomena contingut no rellevant o poc significatius. A causa de la legislaci\u00f3 espanyola, Google est\u00e0 treballant amb l\u2019esquema, i el primer trimestre de l\u2019any vinent es traslladar\u00e0 als editors per donar a con\u00e8ixer com impacte aquest nou marc regulador als seus continguts.<\/p>\n","protected":false},"excerpt":{"rendered":"<div class=\"mh-excerpt\">L\u2019acte ha estat adre\u00e7at als editors i redactors dels mitjans d\u2019informaci\u00f3 associats a l\u2019AMIC La primera sessi\u00f3 de treball entre l\u2019AMIC i Google, organitzada per l\u2019Associaci\u00f3, amb el suport del Departament de Presid\u00e8ncia de la <a class=\"mh-excerpt-more\" href=\"https:\/\/www.tucomarca.com\/wordpress\/segunda\/ca\/setanta-associats-participen-en-la-primera-sessio-de-treball-entre-lamic-i-google\/\" title=\"Setanta associats participen en la primera sessi\u00f3 de treball entre l&#8217;AMIC i Google\">[+] <\/a><\/div>\n","protected":false},"author":12,"featured_media":174186,"comment_status":"open","ping_status":"open","sticky":false,"template":"","format":"standard","meta":{"footnotes":""},"categories":[10948,10894,10904,11007,10896],"tags":[16381,18505,18506],"class_list":{"0":"post-174188","1":"post","2":"type-post","3":"status-publish","4":"format-standard","5":"has-post-thumbnail","7":"category-infraestructuras-ca","8":"category-la-comarca-ca","9":"category-sin-categorizar-ca","10":"category-ocio-y-cultura-ca","11":"category-seccion-ca","12":"tag-amic-ca","13":"tag-google-ca","14":"tag-sesion-de-trabajo-ca"},"_links":{"self":[{"href":"https:\/\/www.tucomarca.com\/wordpress\/segunda\/ca\/wp-json\/wp\/v2\/posts\/174188","targetHints":{"allow":["GET"]}}],"collection":[{"href":"https:\/\/www.tucomarca.com\/wordpress\/segunda\/ca\/wp-json\/wp\/v2\/posts"}],"about":[{"href":"https:\/\/www.tucomarca.com\/wordpress\/segunda\/ca\/wp-json\/wp\/v2\/types\/post"}],"author":[{"embeddable":true,"href":"https:\/\/www.tucomarca.com\/wordpress\/segunda\/ca\/wp-json\/wp\/v2\/users\/12"}],"replies":[{"embeddable":true,"href":"https:\/\/www.tucomarca.com\/wordpress\/segunda\/ca\/wp-json\/wp\/v2\/comments?post=174188"}],"version-history":[{"count":0,"href":"https:\/\/www.tucomarca.com\/wordpress\/segunda\/ca\/wp-json\/wp\/v2\/posts\/174188\/revisions"}],"wp:featuredmedia":[{"embeddable":true,"href":"https:\/\/www.tucomarca.com\/wordpress\/segunda\/ca\/wp-json\/wp\/v2\/media\/174186"}],"wp:attachment":[{"href":"https:\/\/www.tucomarca.com\/wordpress\/segunda\/ca\/wp-json\/wp\/v2\/media?parent=174188"}],"wp:term":[{"taxonomy":"category","embeddable":true,"href":"https:\/\/www.tucomarca.com\/wordpress\/segunda\/ca\/wp-json\/wp\/v2\/categories?post=174188"},{"taxonomy":"post_tag","embeddable":true,"href":"https:\/\/www.tucomarca.com\/wordpress\/segunda\/ca\/wp-json\/wp\/v2\/tags?post=174188"}],"curies":[{"name":"wp","href":"https:\/\/api.w.org\/{rel}","templated":true}]}}