{"id":174294,"date":"2022-12-19T13:00:00","date_gmt":"2022-12-19T11:00:00","guid":{"rendered":"https:\/\/www.tucomarca.com\/wordpress\/segunda\/?p=174294"},"modified":"2022-12-19T15:43:58","modified_gmt":"2022-12-19T13:43:58","slug":"la-diputacio-inicia-les-obres-de-millora-de-la-seguretat-en-carreteres-de-la-foia-de-bunyol-la-serrania-i-la-ribera","status":"publish","type":"post","link":"https:\/\/www.tucomarca.com\/wordpress\/segunda\/ca\/la-diputacio-inicia-les-obres-de-millora-de-la-seguretat-en-carreteres-de-la-foia-de-bunyol-la-serrania-i-la-ribera\/","title":{"rendered":"La Diputaci\u00f3 inicia les obres de millora de la seguretat en carreteres de la Foia de Bunyol, la Serran\u00eda i la Ribera"},"content":{"rendered":"\n<h4 class=\"wp-block-heading\">El projecte posat en marxa per l&#8217;\u00e0rea de Carreteres de la corporaci\u00f3 contempla la renovaci\u00f3 del ferm de la CV-425 i la CV-381, en la demarcaci\u00f3 de Bunyol, i de la CV-541, a Tous<\/h4>\n\n\n\n<h4 class=\"wp-block-heading\">Els treballs tenen una duraci\u00f3 estimada de sis mesos i compten amb un pressupost total de 2,1 milions d&#8217;euros<\/h4>\n\n\n\n<p>La Diputaci\u00f3 de Val\u00e8ncia ha iniciat les obres per a renovar i millorar el ferm d&#8217;un total de tres carreteres pertanyents a les comarques de la Foia de Bunyol, la Serran\u00eda i la Ribera. Es tracta de la CV-425 al seu pas pels termes municipals de Macastre, I\u00e0tova i Dosaig\u00fces (Foia de Bunyol); la CV-381 que recorre els municipis de Xiva, Xest (Foia de Bunyol) i Gestalgar (la Serran\u00eda); i la CV-541, en la localitat de Tous (la Ribera Alta).<\/p>\n\n\n\n<p>Els treballs projectats per l\u2019\u00e0rea d\u2019Infraestructures que dirigix Rafa Garc\u00eda se centren en millorar i refor\u00e7ar el ferm, dur a terme la neteja de les cunetes i en la instal\u00b7laci\u00f3 de noves barreres de seguretat i senyals tant verticals com horitzontals. El que es pret\u00e9n amb este projecte \u00e9s incrementar la seguretat del tr\u00e0nsit en les diferents vies objecte d&#8217;actuaci\u00f3. El pressupost total de les obres ascendix als 2,1 milions d&#8217;euros, i compten amb un termini estimat d&#8217;execuci\u00f3 de sis mesos.<\/p>\n\n\n\n<p>Per a refor\u00e7ar els ferms s&#8217;emprar\u00e0 asfalt no convencional i de poca gross\u00e0ria amb l&#8217;objectiu de millorar els processos de fabricaci\u00f3 i posada en obra, reduint emissions de CO\u2082 i transport, i augmentant al seu torn la seua vida \u00fatil.<\/p>\n\n\n\n<p>A m\u00e9s d&#8217;esta renovaci\u00f3, en la CV-425 es millorar\u00e0 l&#8217;acc\u00e9s a la urbanitzaci\u00f3 de la font del Mico en Alborache. Per a aix\u00f2, es procedir\u00e0 a la substituci\u00f3 de l&#8217;actual intersecci\u00f3 per una altra semi-girat\u00f2ria tancada, amb carril central d&#8217;espera en sentit Bu\u00f1ol, amb la finalitat de facilitar el gir a l&#8217;esquerra per a incorporar-se a la urbanitzaci\u00f3 per qualsevol dels dos camins que donen acc\u00e9s. Aix\u00ed mateix, en sentit Alborache, s&#8217;ha disposat un carril d&#8217;eixida a la dreta per a resoldre la incorporaci\u00f3 a la urbanitzaci\u00f3 des de la carretera.<\/p>\n\n\n\n<p><\/p>\n","protected":false},"excerpt":{"rendered":"<div class=\"mh-excerpt\">El projecte posat en marxa per l&#8217;\u00e0rea de Carreteres de la corporaci\u00f3 contempla la renovaci\u00f3 del ferm de la CV-425 i la CV-381, en la demarcaci\u00f3 de Bunyol, i de la CV-541, a Tous Els <a class=\"mh-excerpt-more\" href=\"https:\/\/www.tucomarca.com\/wordpress\/segunda\/ca\/la-diputacio-inicia-les-obres-de-millora-de-la-seguretat-en-carreteres-de-la-foia-de-bunyol-la-serrania-i-la-ribera\/\" title=\"La Diputaci\u00f3 inicia les obres de millora de la seguretat en carreteres de la Foia de Bunyol, la Serran\u00eda i la Ribera\">[+] <\/a><\/div>\n","protected":false},"author":12,"featured_media":86457,"comment_status":"open","ping_status":"open","sticky":false,"template":"","format":"standard","meta":{"footnotes":""},"categories":[11046,10898,10948,10894,10912,10902,10947,10896],"tags":[11246,10914,11333,11928],"class_list":{"0":"post-174294","1":"post","2":"type-post","3":"status-publish","4":"format-standard","5":"has-post-thumbnail","7":"category-los-serranos-ca","8":"category-ventana-ca","9":"category-infraestructuras-ca","10":"category-la-comarca-ca","11":"category-la-hoya-ca","12":"category-la-ribera-ca","13":"category-politica","14":"category-seccion-ca","15":"tag-diputacio-de-valencia-ca","16":"tag-la-hoya-de-bunol-chiva-ca","17":"tag-la-ribera-2-ca","18":"tag-la-serrania-ca"},"_links":{"self":[{"href":"https:\/\/www.tucomarca.com\/wordpress\/segunda\/ca\/wp-json\/wp\/v2\/posts\/174294","targetHints":{"allow":["GET"]}}],"collection":[{"href":"https:\/\/www.tucomarca.com\/wordpress\/segunda\/ca\/wp-json\/wp\/v2\/posts"}],"about":[{"href":"https:\/\/www.tucomarca.com\/wordpress\/segunda\/ca\/wp-json\/wp\/v2\/types\/post"}],"author":[{"embeddable":true,"href":"https:\/\/www.tucomarca.com\/wordpress\/segunda\/ca\/wp-json\/wp\/v2\/users\/12"}],"replies":[{"embeddable":true,"href":"https:\/\/www.tucomarca.com\/wordpress\/segunda\/ca\/wp-json\/wp\/v2\/comments?post=174294"}],"version-history":[{"count":0,"href":"https:\/\/www.tucomarca.com\/wordpress\/segunda\/ca\/wp-json\/wp\/v2\/posts\/174294\/revisions"}],"wp:featuredmedia":[{"embeddable":true,"href":"https:\/\/www.tucomarca.com\/wordpress\/segunda\/ca\/wp-json\/wp\/v2\/media\/86457"}],"wp:attachment":[{"href":"https:\/\/www.tucomarca.com\/wordpress\/segunda\/ca\/wp-json\/wp\/v2\/media?parent=174294"}],"wp:term":[{"taxonomy":"category","embeddable":true,"href":"https:\/\/www.tucomarca.com\/wordpress\/segunda\/ca\/wp-json\/wp\/v2\/categories?post=174294"},{"taxonomy":"post_tag","embeddable":true,"href":"https:\/\/www.tucomarca.com\/wordpress\/segunda\/ca\/wp-json\/wp\/v2\/tags?post=174294"}],"curies":[{"name":"wp","href":"https:\/\/api.w.org\/{rel}","templated":true}]}}