{"id":174457,"date":"2022-12-21T08:30:00","date_gmt":"2022-12-21T06:30:00","guid":{"rendered":"https:\/\/www.tucomarca.com\/wordpress\/segunda\/?p=174457"},"modified":"2022-12-21T11:30:27","modified_gmt":"2022-12-21T09:30:27","slug":"la-diputacio-conclou-amb-exit-lultima-edicio-de-emprendeaventura-rural-2022","status":"publish","type":"post","link":"https:\/\/www.tucomarca.com\/wordpress\/segunda\/ca\/la-diputacio-conclou-amb-exit-lultima-edicio-de-emprendeaventura-rural-2022\/","title":{"rendered":"La Diputaci\u00f3 conclou amb \u00e8xit l&#8217;\u00faltima edici\u00f3 de Emprendeaventura Rural 2022"},"content":{"rendered":"\n<h4 class=\"wp-block-heading\">Un total de 43 projectes empresarials de zones rurals han participat en alguna de les tres edicions que s&#8217;han desenvolupat durant este any<\/h4>\n\n\n\n<h4 class=\"wp-block-heading\">La iniciativa impulsada per l&#8217;\u00e0rea de Desenvolupament Rural ha perm\u00e9s als participants madurar la seua idea de negoci mitjan\u00e7ant sessions de formaci\u00f3 especialitzada i tutories individuals i col\u00b7lectives<\/h4>\n\n\n\n<p>La tercera edici\u00f3 de 2022 del programa Emprendeaventura Rural, impulsat per la Diputaci\u00f3 de Val\u00e8ncia, ha arribat a la seua fi amb una sessi\u00f3 de networking entre els projectes participants, que ha comptat amb la participaci\u00f3 del diputat de Desenvolupament Rural i Pol\u00edtiques contra la Despoblaci\u00f3 Ramiro Rivera, al costat de Ram\u00f3n Ferrandis, director general del Centre Europeu d&#8217;Empreses Innovadores (CEEI) de Val\u00e8ncia.<\/p>\n\n\n\n<p>Esta iniciativa, finan\u00e7ada per la Diputaci\u00f3 de Val\u00e8ncia dins de la seua pol\u00edtica de suport al territori rural i de lluita contra la despoblaci\u00f3, i desenvolupada a trav\u00e9s del CEEI Val\u00e8ncia, ha perm\u00e9s als emprenedors rurals participants madurar la seua idea de negoci mitjan\u00e7ant 12 sessions en l\u00ednia de formaci\u00f3 especialitzada, combinada amb sessions de tutoria individual i col\u00b7lectiva.<\/p>\n\n\n\n<p>En esta tercera edici\u00f3 de 2022, un total de deu emprenedors de diversos municipis d&#8217;interior com Albaida, Tu\u00e9jar, C\u00e0rcer, Siete Aguas, La Pobla Llarga o Albalat dels Tarongers, han realitzat el programa entre octubre i desembre, presentant projectes relatius a cosm\u00e8tica natural, coaching, turisme actiu, experi\u00e8ncies tur\u00edstiques o complements per a la personalitzaci\u00f3 de mobiliari.<\/p>\n\n\n\n<p>El diputat Ramiro Rivera ha destacat \u201cel paper fonamental de l&#8217;emprenedoria per a la fixaci\u00f3 de poblaci\u00f3 en territoris rurals, aix\u00ed com per a generar iniciatives que puguen atraure visitants, i al mateix temps mantindre serveis per a les persones que residixen a l&#8217;interior de la prov\u00edncia\u201d. Es tanca aix\u00ed un any en qu\u00e8 han participat un total de 43 projectes empresarials de zones rurals repartits entre les tres edicions de 2022.<\/p>\n\n\n\n<p>La Diputaci\u00f3 de Val\u00e8ncia, a trav\u00e9s de la seua delegaci\u00f3 de Desenvolupament Rural i Pol\u00edtiques contra la Despoblaci\u00f3, dona suport a les iniciatives emprenedores en territori rural mitjan\u00e7ant este programa, que tamb\u00e9 ha comptat amb la col\u00b7laboraci\u00f3 dels Grups d&#8217;Acci\u00f3 Local (GAL) de la prov\u00edncia (T\u00faria-Calderona, Rurable, Som Rurals, Caroig-X\u00faquer i el grup pesquer GALP-Gandia-Albufera),<\/p>\n\n\n\n<p>A esta acci\u00f3 cal afegir el finan\u00e7ament, per part de la corporaci\u00f3 provincial, d&#8217;un servei d&#8217;acompanyament de projectes emprenedors mitjan\u00e7ant el programa de Mentoring Rural, que impartix igualment el CEEI Val\u00e8ncia.<\/p>\n\n\n\n<p><\/p>\n","protected":false},"excerpt":{"rendered":"<div class=\"mh-excerpt\">Un total de 43 projectes empresarials de zones rurals han participat en alguna de les tres edicions que s&#8217;han desenvolupat durant este any La iniciativa impulsada per l&#8217;\u00e0rea de Desenvolupament Rural ha perm\u00e9s als participants <a class=\"mh-excerpt-more\" href=\"https:\/\/www.tucomarca.com\/wordpress\/segunda\/ca\/la-diputacio-conclou-amb-exit-lultima-edicio-de-emprendeaventura-rural-2022\/\" title=\"La Diputaci\u00f3 conclou amb \u00e8xit l&#8217;\u00faltima edici\u00f3 de Emprendeaventura Rural 2022\">[+] <\/a><\/div>\n","protected":false},"author":12,"featured_media":174456,"comment_status":"open","ping_status":"open","sticky":false,"template":"","format":"standard","meta":{"footnotes":""},"categories":[10898,10948,10894,10904,10947,10896],"tags":[11246,18537],"class_list":{"0":"post-174457","1":"post","2":"type-post","3":"status-publish","4":"format-standard","5":"has-post-thumbnail","7":"category-ventana-ca","8":"category-infraestructuras-ca","9":"category-la-comarca-ca","10":"category-sin-categorizar-ca","11":"category-politica","12":"category-seccion-ca","13":"tag-diputacio-de-valencia-ca","14":"tag-emprendeaventura-rural-2022-ca"},"_links":{"self":[{"href":"https:\/\/www.tucomarca.com\/wordpress\/segunda\/ca\/wp-json\/wp\/v2\/posts\/174457","targetHints":{"allow":["GET"]}}],"collection":[{"href":"https:\/\/www.tucomarca.com\/wordpress\/segunda\/ca\/wp-json\/wp\/v2\/posts"}],"about":[{"href":"https:\/\/www.tucomarca.com\/wordpress\/segunda\/ca\/wp-json\/wp\/v2\/types\/post"}],"author":[{"embeddable":true,"href":"https:\/\/www.tucomarca.com\/wordpress\/segunda\/ca\/wp-json\/wp\/v2\/users\/12"}],"replies":[{"embeddable":true,"href":"https:\/\/www.tucomarca.com\/wordpress\/segunda\/ca\/wp-json\/wp\/v2\/comments?post=174457"}],"version-history":[{"count":0,"href":"https:\/\/www.tucomarca.com\/wordpress\/segunda\/ca\/wp-json\/wp\/v2\/posts\/174457\/revisions"}],"wp:featuredmedia":[{"embeddable":true,"href":"https:\/\/www.tucomarca.com\/wordpress\/segunda\/ca\/wp-json\/wp\/v2\/media\/174456"}],"wp:attachment":[{"href":"https:\/\/www.tucomarca.com\/wordpress\/segunda\/ca\/wp-json\/wp\/v2\/media?parent=174457"}],"wp:term":[{"taxonomy":"category","embeddable":true,"href":"https:\/\/www.tucomarca.com\/wordpress\/segunda\/ca\/wp-json\/wp\/v2\/categories?post=174457"},{"taxonomy":"post_tag","embeddable":true,"href":"https:\/\/www.tucomarca.com\/wordpress\/segunda\/ca\/wp-json\/wp\/v2\/tags?post=174457"}],"curies":[{"name":"wp","href":"https:\/\/api.w.org\/{rel}","templated":true}]}}