{"id":174505,"date":"2022-12-21T09:30:00","date_gmt":"2022-12-21T07:30:00","guid":{"rendered":"https:\/\/www.tucomarca.com\/wordpress\/segunda\/?p=174505"},"modified":"2022-12-21T11:28:09","modified_gmt":"2022-12-21T09:28:09","slug":"lajuntament-de-turis-millora-la-mobilitat-amb-obres-en-la-travessia","status":"publish","type":"post","link":"https:\/\/www.tucomarca.com\/wordpress\/segunda\/ca\/lajuntament-de-turis-millora-la-mobilitat-amb-obres-en-la-travessia\/","title":{"rendered":"L&#8217;Ajuntament de Tur\u00eds millora la mobilitat amb obres en la travessia"},"content":{"rendered":"\n<p>La Brigada Municipal du a terme, de manera progressiva, la tasca d&#8217;eliminaci\u00f3 de les barreres arquitect\u00f2niques que presenta la travessia.<\/p>\n\n\n\n<p>Aix\u00ed tot el ve\u00efnat gaudeix d&#8217;una mobilitat m\u00e9s c\u00f2moda i segura, en especial les persones majors y amb diversitat funcional<\/p>\n","protected":false},"excerpt":{"rendered":"<div class=\"mh-excerpt\">La Brigada Municipal du a terme, de manera progressiva, la tasca d&#8217;eliminaci\u00f3 de les barreres arquitect\u00f2niques que presenta la travessia. Aix\u00ed tot el ve\u00efnat gaudeix d&#8217;una mobilitat m\u00e9s c\u00f2moda i segura, en especial les persones <a class=\"mh-excerpt-more\" href=\"https:\/\/www.tucomarca.com\/wordpress\/segunda\/ca\/lajuntament-de-turis-millora-la-mobilitat-amb-obres-en-la-travessia\/\" title=\"L&#8217;Ajuntament de Tur\u00eds millora la mobilitat amb obres en la travessia\">[+] <\/a><\/div>\n","protected":false},"author":12,"featured_media":174504,"comment_status":"open","ping_status":"open","sticky":false,"template":"","format":"standard","meta":{"footnotes":""},"categories":[10902,11047],"tags":[18541,12859,11356,11093],"class_list":{"0":"post-174505","1":"post","2":"type-post","3":"status-publish","4":"format-standard","5":"has-post-thumbnail","7":"category-la-ribera-ca","8":"category-turis-ca","9":"tag-mejora-de-la-movilidad-ca","10":"tag-obras-ca","11":"tag-ribera-alta-ca","12":"tag-turis-ca"},"_links":{"self":[{"href":"https:\/\/www.tucomarca.com\/wordpress\/segunda\/ca\/wp-json\/wp\/v2\/posts\/174505","targetHints":{"allow":["GET"]}}],"collection":[{"href":"https:\/\/www.tucomarca.com\/wordpress\/segunda\/ca\/wp-json\/wp\/v2\/posts"}],"about":[{"href":"https:\/\/www.tucomarca.com\/wordpress\/segunda\/ca\/wp-json\/wp\/v2\/types\/post"}],"author":[{"embeddable":true,"href":"https:\/\/www.tucomarca.com\/wordpress\/segunda\/ca\/wp-json\/wp\/v2\/users\/12"}],"replies":[{"embeddable":true,"href":"https:\/\/www.tucomarca.com\/wordpress\/segunda\/ca\/wp-json\/wp\/v2\/comments?post=174505"}],"version-history":[{"count":0,"href":"https:\/\/www.tucomarca.com\/wordpress\/segunda\/ca\/wp-json\/wp\/v2\/posts\/174505\/revisions"}],"wp:featuredmedia":[{"embeddable":true,"href":"https:\/\/www.tucomarca.com\/wordpress\/segunda\/ca\/wp-json\/wp\/v2\/media\/174504"}],"wp:attachment":[{"href":"https:\/\/www.tucomarca.com\/wordpress\/segunda\/ca\/wp-json\/wp\/v2\/media?parent=174505"}],"wp:term":[{"taxonomy":"category","embeddable":true,"href":"https:\/\/www.tucomarca.com\/wordpress\/segunda\/ca\/wp-json\/wp\/v2\/categories?post=174505"},{"taxonomy":"post_tag","embeddable":true,"href":"https:\/\/www.tucomarca.com\/wordpress\/segunda\/ca\/wp-json\/wp\/v2\/tags?post=174505"}],"curies":[{"name":"wp","href":"https:\/\/api.w.org\/{rel}","templated":true}]}}