{"id":174671,"date":"2022-12-23T12:12:00","date_gmt":"2022-12-23T10:12:00","guid":{"rendered":"https:\/\/www.tucomarca.com\/wordpress\/segunda\/?p=174671"},"modified":"2022-12-23T14:00:01","modified_gmt":"2022-12-23T12:00:01","slug":"continua-la-renovacio-de-lenllumenat-a-xest","status":"publish","type":"post","link":"https:\/\/www.tucomarca.com\/wordpress\/segunda\/ca\/continua-la-renovacio-de-lenllumenat-a-xest\/","title":{"rendered":"Continua la renovaci\u00f3 de l&#8217;enllumenat a Xest"},"content":{"rendered":"\n<p>L&#8217;Ajuntament, a trav\u00e9s de la regidoria de Serveis, continua implementant el Pla d&#8217;efici\u00e8ncia energ\u00e8tica amb una segona intervenci\u00f3 de renovaci\u00f3 de l&#8217;enllumenat p\u00fablic a Xest. Concretament s&#8217;han substitu\u00eft 47 llumin\u00e0ries als carrers San Jos\u00e9, Rosario, Mesquita, Ferreria, de la Moreria, Sagristia, Rafael Huercio Rodrigo i en la pla\u00e7a Doctor Cajal.<\/p>\n\n\n\n<p>La finalitat del Pla d&#8217;efici\u00e8ncia energ\u00e8tica \u00e9s mantindre el rendiment, incorporant models de gesti\u00f3 sostenibles, h\u00e0bits responsables i inversions en innovaci\u00f3 tecnol\u00f2gica. En aquesta l\u00ednia, d&#8217;una banda s&#8217;estan modificant els llums antics de vapor de mercuri o sodi per per noves llumin\u00e0ries LED; i per una altra, s&#8217;estan col\u00b7locant sistemes de reducci\u00f3 de flux en l&#8217;enllumenat p\u00fablic i s&#8217;est\u00e0 realitzant un control dels horaris de funcionament de les instal\u00b7lacions per a millorar l&#8217;efici\u00e8ncia.&nbsp;<\/p>\n\n\n\n<p>Segons ha explicat el regidor de Serveis, Jos\u00e9 Vicente Guijarro, l&#8217;efici\u00e8ncia energ\u00e8tica persegueix aconseguir un estalvi d&#8217;energia i costos, ja que es redueix la factura el\u00e8ctrica; per\u00f2, al seu torn, es contribueix a la millora del Medi Ambient, ja que es redueixen les emissions de fases que provoquen l&#8217;efecte d&#8217;hivernacle i es consumeixen menys recursos, amb el que es redueix tamb\u00e9 la petjada de carboni. \u201cEl concepte d&#8217;efici\u00e8ncia energ\u00e8tica fa refer\u00e8ncia a la capacitat per a obtindre els millors resultats en qualsevol activitat emprant la menor quantitat possible de recursos energ\u00e8tics. Ens permet reduir el consum de qualsevol tipus d&#8217;energia i amb aix\u00f2 els possibles impactes ambientals associats a ella. Aix\u00f2 \u00e9s aplicable des de la generaci\u00f3 d&#8217;aquesta energia fins al seu consum final. La realitzaci\u00f3 d&#8217;una planificaci\u00f3 adequada de les inversions a realitzar a l&#8217;Ajuntament, on s&#8217;identifiquen i ordenen les mesures d&#8217;estalvi en energia, mitjan\u00e7ant l&#8217;elaboraci\u00f3 projectes d&#8217;optimitzaci\u00f3 energ\u00e8tica, ens ajuda a desenvolupar actuacions i implementar les mesures necess\u00e0ries per a millorar l&#8217;efic\u00e0cia i efici\u00e8ncia energ\u00e8tica\u201d, ha declarat el regidor.&nbsp;<\/p>\n\n\n\n<p>Aquesta segona fase ha comptat amb una inversi\u00f3 de 42010 euros (IVA incl\u00f2s), sumant un import total de 77.476 euros (IVA incl\u00f2s) de fons municipals entre les dues actuacions dutes a terme. \u201cEn 2023 continuarem invertint a modificar les llumin\u00e0ries de vapor de sodi que queden en la poblaci\u00f3\u201d, ha anunciat Guijarro.<\/p>\n\n\n\n<p><\/p>\n","protected":false},"excerpt":{"rendered":"<div class=\"mh-excerpt\">L&#8217;Ajuntament, a trav\u00e9s de la regidoria de Serveis, continua implementant el Pla d&#8217;efici\u00e8ncia energ\u00e8tica amb una segona intervenci\u00f3 de renovaci\u00f3 de l&#8217;enllumenat p\u00fablic a Xest. Concretament s&#8217;han substitu\u00eft 47 llumin\u00e0ries als carrers San Jos\u00e9, Rosario, <a class=\"mh-excerpt-more\" href=\"https:\/\/www.tucomarca.com\/wordpress\/segunda\/ca\/continua-la-renovacio-de-lenllumenat-a-xest\/\" title=\"Continua la renovaci\u00f3 de l&#8217;enllumenat a Xest\">[+] <\/a><\/div>\n","protected":false},"author":12,"featured_media":174670,"comment_status":"open","ping_status":"open","sticky":false,"template":"","format":"standard","meta":{"footnotes":""},"categories":[10948,10894,10912,10903,10947,10896,10974],"tags":[13151,11071,12206,10914],"class_list":{"0":"post-174671","1":"post","2":"type-post","3":"status-publish","4":"format-standard","5":"has-post-thumbnail","7":"category-infraestructuras-ca","8":"category-la-comarca-ca","9":"category-la-hoya-ca","10":"category-medio-ambiente-la-comarca-ca","11":"category-politica","12":"category-seccion-ca","13":"category-cheste-ca","14":"tag-alumbrado-publico-ca","15":"tag-cheste","16":"tag-eficiencia-energetica-ca","17":"tag-la-hoya-de-bunol-chiva-ca"},"_links":{"self":[{"href":"https:\/\/www.tucomarca.com\/wordpress\/segunda\/ca\/wp-json\/wp\/v2\/posts\/174671","targetHints":{"allow":["GET"]}}],"collection":[{"href":"https:\/\/www.tucomarca.com\/wordpress\/segunda\/ca\/wp-json\/wp\/v2\/posts"}],"about":[{"href":"https:\/\/www.tucomarca.com\/wordpress\/segunda\/ca\/wp-json\/wp\/v2\/types\/post"}],"author":[{"embeddable":true,"href":"https:\/\/www.tucomarca.com\/wordpress\/segunda\/ca\/wp-json\/wp\/v2\/users\/12"}],"replies":[{"embeddable":true,"href":"https:\/\/www.tucomarca.com\/wordpress\/segunda\/ca\/wp-json\/wp\/v2\/comments?post=174671"}],"version-history":[{"count":0,"href":"https:\/\/www.tucomarca.com\/wordpress\/segunda\/ca\/wp-json\/wp\/v2\/posts\/174671\/revisions"}],"wp:featuredmedia":[{"embeddable":true,"href":"https:\/\/www.tucomarca.com\/wordpress\/segunda\/ca\/wp-json\/wp\/v2\/media\/174670"}],"wp:attachment":[{"href":"https:\/\/www.tucomarca.com\/wordpress\/segunda\/ca\/wp-json\/wp\/v2\/media?parent=174671"}],"wp:term":[{"taxonomy":"category","embeddable":true,"href":"https:\/\/www.tucomarca.com\/wordpress\/segunda\/ca\/wp-json\/wp\/v2\/categories?post=174671"},{"taxonomy":"post_tag","embeddable":true,"href":"https:\/\/www.tucomarca.com\/wordpress\/segunda\/ca\/wp-json\/wp\/v2\/tags?post=174671"}],"curies":[{"name":"wp","href":"https:\/\/api.w.org\/{rel}","templated":true}]}}