{"id":174707,"date":"2022-12-23T21:00:00","date_gmt":"2022-12-23T19:00:00","guid":{"rendered":"https:\/\/www.tucomarca.com\/wordpress\/segunda\/?p=174707"},"modified":"2022-12-27T12:42:53","modified_gmt":"2022-12-27T10:42:53","slug":"la-diputacio-obri-la-placa-del-nadal-amb-musica-teatre-i-tallers-infantils","status":"publish","type":"post","link":"https:\/\/www.tucomarca.com\/wordpress\/segunda\/ca\/la-diputacio-obri-la-placa-del-nadal-amb-musica-teatre-i-tallers-infantils\/","title":{"rendered":"La Diputaci\u00f3 obri la Pla\u00e7a del Nadal amb m\u00fasica, teatre i tallers infantils"},"content":{"rendered":"\n<h4 class=\"wp-block-heading\">Entre el 22 de desembre i el 5 de gener, la pla\u00e7a Manises es convertix en un familiar dest\u00ed nadalenc amb decoraci\u00f3, llocs tradicionals amb productes valencians i activitats culturals<\/h4>\n\n\n\n<h4 class=\"wp-block-heading\">Els Reis Mags instal\u00b7laran la seua oficina en un dels patis de la corporaci\u00f3 provincial per a segellar totes les cartes que les xiquetes i xiquets entreguen amb destinaci\u00f3 a les seues majestats d&#8217;Orient<\/h4>\n\n\n\n<figure class=\"wp-block-image size-full\"><img loading=\"lazy\" decoding=\"async\" width=\"1024\" height=\"682\" src=\"http:\/\/www.tucomarca.com\/wordpress\/segunda\/wp-content\/uploads\/2022\/12\/PlazaNadalDipu.jpeg\" alt=\"\" class=\"wp-image-174704\" srcset=\"https:\/\/www.tucomarca.com\/wordpress\/segunda\/wp-content\/uploads\/2022\/12\/PlazaNadalDipu.jpeg 1024w, https:\/\/www.tucomarca.com\/wordpress\/segunda\/wp-content\/uploads\/2022\/12\/PlazaNadalDipu-300x200.jpeg 300w, https:\/\/www.tucomarca.com\/wordpress\/segunda\/wp-content\/uploads\/2022\/12\/PlazaNadalDipu-768x512.jpeg 768w\" sizes=\"auto, (max-width: 1024px) 100vw, 1024px\" \/><\/figure>\n\n\n\n<p>La Diputaci\u00f3 de Val\u00e8ncia obri este dijous la Pla\u00e7a del Nadal fins al pr\u00f2xim 5 de gener. Dos setmanes repletes de m\u00fasica, contacontes, teatre i tallers infantils, entre altres activitats, aix\u00ed com llocs tradicionals amb productes valencians i una oficina dels Reis Mags. Fins a la matinal del 5 de gener, vespra de l&#8217;arribada de les seues majestats d&#8217;Orient, la corporaci\u00f3 provincial convertir\u00e0 la pla\u00e7a Manises en un espai nadalenc concebut per a un p\u00fablic familiar, en el qual els xiquets i xiquetes seran els grans protagonistes.<\/p>\n\n\n\n<p>La instituci\u00f3 que dirigix Toni Gaspar torna a concentrar els seus recursos culturals i d\u2019oci en la pla\u00e7a situada enfront de la seu central, que un any m\u00e9s es vestir\u00e0 de Nadal amb decoraci\u00f3, llocs tradicionals, efectes de llum i so i un ampli ventall d&#8217;actuacions a c\u00e0rrec de joves companyies i grups folkl\u00f2rics de municipis de la prov\u00edncia, amb el patrimoni comarcal com a nexe d&#8217;uni\u00f3.&nbsp;<\/p>\n\n\n\n<p>Les mancomunitats de la Vall d&#8217;Albaida, el Camp de T\u00faria, El Carraixet, Tierra Bobal, la Valldigna, el Rinc\u00f3n de Ademuz i l\u2019Alto Turia i les localitats d&#8217;Alboraia, Sagunt, Ademuz, Cullera, Y\u00e1tova, X\u00e0tiva i Gandia participaran en la festa nadalenca de la Diputaci\u00f3, per l&#8217;escenari de la qual passaran El Cresol de Cerd\u00e0 de la Costera; Dansarrels Alc\u00e0sser de l&#8217;Horta Sud; Les Folies de la Ribera Alta (divendres 23 a les 18.30 hores); el Grup de Danses Morvedre (dimarts 27 a les 19.00 h); i la Societat Musical d\u2019Alboraia (dissabte 31 a las 11.45 h).<\/p>\n\n\n\n<p>En la vesprada d&#8217;este dijous, 22 de desembre, es procedir\u00e0 a l&#8217;encesa de les llums nadalenques a partir de les 20.00 hores, amb l\u2019acompanyament musical de l&#8217;Orfe\u00f3 Gregorio Gea de Val\u00e8ncia i el Cor de la Societat Musical de Castellar-l\u2019Oliveral. L&#8217;acte inaugural donar\u00e0 pas a una programaci\u00f3 que contempla horaris de 10.30 a 20.00 hores durant les jornades ordin\u00e0ries i horaris especials de matins o vesprades per als dies extraordinaris de Nit de Nadal, Nadal, Nit de cap d&#8217;any i la vespra dels Reis Mags.<\/p>\n\n\n\n<p><strong>Espectacles per a tots els p\u00fablics<\/strong><\/p>\n\n\n\n<p>Els tallers infantils de manualitats nadalenques, la m\u00fasica i els contacontes seran la base d&#8217;una programaci\u00f3 que inclou diferents espectacles especials dirigits igualment a un p\u00fablic familiar. Destaquen \u2018La festa del rei\u2019 de La banda del drac, una fantasia medieval amb can\u00e7ons, jocs i molta interacci\u00f3 amb el p\u00fablic (dimecres 28 a les 18.30 hores); \u2018Pop\u2019s Corn\u2019 de la companyia La FAM (diumenge 25 a les 18.30 h); el \u2018Geronto show\u2019 d\u2019Edu Borja (dissabte 24 a les 13.00 h); \u2018Abocador\u2019, de la companyia Disparatario (divendres 30 a les 18.00 h); i l&#8217;espectacle musical \u2018El viol\u00ed m\u00e0gic\u2019 amb Teodor Stoyanov (dilluns 2 i dimarts 3 de gener a les 17.30 i 19.00 h).<\/p>\n\n\n\n<p>Totes les activitats programades en la Pla\u00e7a del Nadal, coordinades per l&#8217;\u00e0rea de Turisme i Presid\u00e8ncia de la Diputaci\u00f3, seran gratu\u00eftes i inclouen atractives proposades de diferents racons de la prov\u00edncia, cas de les representacions de l&#8217;Anunciaci\u00f3 i el misteri del pesebre, programada per al dilluns 26 (19.00 hores), i l&#8217;al\u00b7legoria de l&#8217;arribada dels Reis Mags a un poble valenci\u00e0, que s&#8217;escenificar\u00e0 el dimecres 4 de gener (18.30 h).&nbsp;<\/p>\n\n\n\n<p><strong>Els Reis Mags<\/strong><\/p>\n\n\n\n<p>La Pla\u00e7a del Nadal de la Diputaci\u00f3 comptar\u00e0 igualment amb una zona real en un dels patis de la corporaci\u00f3 provincial, on se situar\u00e0 l&#8217;oficina dels Reis Mags d&#8217;Orient, en la qual els emissaris reals segellaran les cartes que les xiquetes i xiquets entreguen amb els seus somnis per a la m\u00e0gica matinada del 6 de gener.<\/p>\n\n\n\n<p>L&#8217;oficina real estar\u00e0 oberta del 27 al 30 de desembre i del 2 al 4 de gener, en horari de 11.00 a 14.00 i de 17 a 20 hores, mentre que el 31 de desembre i el 5 de gener, l&#8217;horari ser\u00e0 matinal, entre les 11.00 i les 14.00 hores.<\/p>\n","protected":false},"excerpt":{"rendered":"<div class=\"mh-excerpt\">Entre el 22 de desembre i el 5 de gener, la pla\u00e7a Manises es convertix en un familiar dest\u00ed nadalenc amb decoraci\u00f3, llocs tradicionals amb productes valencians i activitats culturals Els Reis Mags instal\u00b7laran la <a class=\"mh-excerpt-more\" href=\"https:\/\/www.tucomarca.com\/wordpress\/segunda\/ca\/la-diputacio-obri-la-placa-del-nadal-amb-musica-teatre-i-tallers-infantils\/\" title=\"La Diputaci\u00f3 obri la Pla\u00e7a del Nadal amb m\u00fasica, teatre i tallers infantils\">[+] <\/a><\/div>\n","protected":false},"author":12,"featured_media":174703,"comment_status":"open","ping_status":"open","sticky":false,"template":"","format":"standard","meta":{"footnotes":""},"categories":[10890,11019,10951,10892,11046,10898,10963,10894,10912,10902,11007,10909,10896],"tags":[11246,18573],"class_list":{"0":"post-174707","1":"post","2":"type-post","3":"status-publish","4":"format-standard","5":"has-post-thumbnail","7":"category-ademus","8":"category-agenda-ca","9":"category-ayora-cofrentes-ca","10":"category-camp-de-turia-ca","11":"category-los-serranos-ca","12":"category-ventana-ca","13":"category-la-canal-de-navarres-ca","14":"category-la-comarca-ca","15":"category-la-hoya-ca","16":"category-la-ribera-ca","17":"category-ocio-y-cultura-ca","18":"category-requena-utiel-ca","19":"category-seccion-ca","20":"tag-diputacio-de-valencia-ca","21":"tag-placa-del-nadal-ca"},"_links":{"self":[{"href":"https:\/\/www.tucomarca.com\/wordpress\/segunda\/ca\/wp-json\/wp\/v2\/posts\/174707","targetHints":{"allow":["GET"]}}],"collection":[{"href":"https:\/\/www.tucomarca.com\/wordpress\/segunda\/ca\/wp-json\/wp\/v2\/posts"}],"about":[{"href":"https:\/\/www.tucomarca.com\/wordpress\/segunda\/ca\/wp-json\/wp\/v2\/types\/post"}],"author":[{"embeddable":true,"href":"https:\/\/www.tucomarca.com\/wordpress\/segunda\/ca\/wp-json\/wp\/v2\/users\/12"}],"replies":[{"embeddable":true,"href":"https:\/\/www.tucomarca.com\/wordpress\/segunda\/ca\/wp-json\/wp\/v2\/comments?post=174707"}],"version-history":[{"count":0,"href":"https:\/\/www.tucomarca.com\/wordpress\/segunda\/ca\/wp-json\/wp\/v2\/posts\/174707\/revisions"}],"wp:featuredmedia":[{"embeddable":true,"href":"https:\/\/www.tucomarca.com\/wordpress\/segunda\/ca\/wp-json\/wp\/v2\/media\/174703"}],"wp:attachment":[{"href":"https:\/\/www.tucomarca.com\/wordpress\/segunda\/ca\/wp-json\/wp\/v2\/media?parent=174707"}],"wp:term":[{"taxonomy":"category","embeddable":true,"href":"https:\/\/www.tucomarca.com\/wordpress\/segunda\/ca\/wp-json\/wp\/v2\/categories?post=174707"},{"taxonomy":"post_tag","embeddable":true,"href":"https:\/\/www.tucomarca.com\/wordpress\/segunda\/ca\/wp-json\/wp\/v2\/tags?post=174707"}],"curies":[{"name":"wp","href":"https:\/\/api.w.org\/{rel}","templated":true}]}}