{"id":174754,"date":"2022-12-24T11:00:00","date_gmt":"2022-12-24T09:00:00","guid":{"rendered":"https:\/\/www.tucomarca.com\/wordpress\/segunda\/?p=174754"},"modified":"2022-12-26T21:35:15","modified_gmt":"2022-12-26T19:35:15","slug":"raquel-tamarit-olocau-te-nova-escola-i-amb-nom-propi-el-del-gran-mestre-ferran-zurriaga","status":"publish","type":"post","link":"https:\/\/www.tucomarca.com\/wordpress\/segunda\/ca\/raquel-tamarit-olocau-te-nova-escola-i-amb-nom-propi-el-del-gran-mestre-ferran-zurriaga\/","title":{"rendered":"Raquel Tamarit: \u201cOlocau t\u00e9 nova escola i amb nom propi, el del gran mestre Ferran Zurriaga\u201d"},"content":{"rendered":"\n<h4 class=\"wp-block-heading\">La Conselleria ha invertit 4 milions d&#8217;euros en la construcci\u00f3 de l&#8217;aulari del CRA Alt Carraixet a Olocau&nbsp;<br>Educaci\u00f3 inverteix 83,7 milions en la millora de 28 centres del Camp de T\u00faria, 10 dels quals s\u00f3n de nova construcci\u00f3&nbsp;<\/h4>\n\n\n\n<p>La consellera d&#8217;Educaci\u00f3, Raquel Tamarit, ha visitat el nou aulari Mestre Ferran Zurriaga del CRA Alt Carraixet a Olocau, amb motiu de la finalitzaci\u00f3 de les obres de la nova construcci\u00f3, en la qual la Conselleria d&#8217;Educaci\u00f3 ha invertit 4 milions d&#8217;euros i el consistori ha tramitat les obres a trav\u00e9s del pla Edificant.<\/p>\n\n\n\n<p>Tamarit ha recorregut les noves instal\u00b7lacions juntament amb representants de la comunitat educativa del centre i en companyia, entre altres, del director general d&#8217;Infraestructures Educatives, V\u00edctor Garcia, i l&#8217;alcalde d&#8217;Olocau, Antonio Ropero. A partir d&#8217;ara comen\u00e7a el moblament i l&#8217;equipament del centre amb l&#8217;objectiu que els 114 alumnes d&#8217;Olocau i el professorat estrenen les noves instal\u00b7lacions durant el mes de gener.<\/p>\n\n\n\n<p>Segons ha manifetado la consellera Raquel Tamarit, &#8220;&#8221;\u00e9s molt emocionant ser ac\u00ed, a Olocau, i veure sobre el terreny aquesta nova escola rural&#8221;. Edificant \u00e9s un programa que funciona &#8220;per a dignificar l&#8217;educaci\u00f3 p\u00fablica i de qualitat que volem&#8221;, ha continuat. Les infraestructures dignes acullen projectes educatius magn\u00edfics com els que desenvolupen les companyes i companys d&#8217;aquesta escola, perqu\u00e8 la prioritat per a nosaltres \u00e9s que l&#8217;alumnat valenci\u00e0 compte amb unes instal\u00b7lacions \u00f2ptimes per a la revoluci\u00f3 pedag\u00f2gica que ja \u00e9s una realitat a les nostres aules\u201d.<\/p>\n\n\n\n<p>\u201cVull recordar que, des del punt de vista pedag\u00f2gic, venim d&#8217;una tradici\u00f3 de fa d\u00e8cades impulsada per grups de mestres activistes, que han creat escola i que s\u00f3n els nostres referents de l&#8217;escola p\u00fablica, en valenci\u00e0, inclusiva, diversa i respectuosa amb el medi ambient. Un d&#8217;ells \u00e9s una persona molt volguda a Olocau i en tot el Pa\u00eds: Ferran Zurriaga. Per aix\u00f2, que l&#8217;escola que visitem hui porte el seu nom \u00e9s per a nosaltres un gest carregat de valor que cal agrair\u201d, ha destacat Tamarit.<\/p>\n\n\n\n<p>Per a l&#8217;alcalde d&#8217;Olocau, Antonio Ropero, \u201cla visita de Raquel Tamarit demostra la implicaci\u00f3 de la Conselleria d&#8217;Educaci\u00f3 en la construcci\u00f3 del nou col\u00b7legi i la col\u00b7laboraci\u00f3 que sempre hi ha hagut entre administracions perqu\u00e8 tot arribe a bon port\u201d. En aquest sentit, ha assegurat que la signatura, aquest mat\u00ed de l&#8217;acta d&#8217;ocupaci\u00f3 del centre \u201csuposa fer un pas fonamental per a concloure els treballs i que l&#8217;alumnat puga gaudir al m\u00e9s prompte possible d&#8217;unes excel\u00b7lents instal\u00b7lacions per al seu ensenyament\u201d.<\/p>\n\n\n\n<p>Segons l&#8217;alcalde, \u201cel comprom\u00eds de l&#8217;Ajuntament d&#8217;Olocau amb l&#8217;educaci\u00f3 p\u00fablica i de qualitat \u00e9s ferma i confiem que, en breu, l&#8217;alumnat gaudisca d&#8217;aquesta infraestructura tan desitjada i que marcar\u00e0 un abans i un despr\u00e9s en el municipi pel seu impacte tan positiu en la formaci\u00f3 de les futures generacions\u201d. \u201cAmb aquest centre, Olocau far\u00e0 un salt de qualitat en mat\u00e8ria educativa i, tot aix\u00f2, recordant amb el seu nom la figura del pedagog i cronista del nostre poble Ferran Zurriaga\u201d, ha afegit.<\/p>\n\n\n\n<p>Caracter\u00edstiques del nou aulari Mestre Ferran Zurriaga<\/p>\n\n\n\n<p>El nou aulari garanteix les necessitats educatives futures del municipi, ja que disposa d&#8217;un total de 243 llocs escolars repartits en una aula de 2 anys, 3 aules d&#8217;Infantil de 3 a 5 anys i 6 aules de Prim\u00e0ria.&nbsp;<\/p>\n\n\n\n<p>L&#8217;edifici t\u00e9 dues plantes, amb ascensor. En la planta baixa se situen les aules d&#8217;Infantil, totes amb lavabos integrats, i l&#8217;\u00e0rea administrativa, aix\u00ed com un menjador equipat amb cuina, que pot atendre fins a 180 comensals en dos torns. En el primer pis s&#8217;allotgen les aules de Prim\u00e0ria.&nbsp;<\/p>\n\n\n\n<p>Compta tamb\u00e9 amb gimn\u00e0s, biblioteca, aula polivalent i aula d&#8217;Inform\u00e0tica. Suma 1.200 m\u00b2 de patis: un per a l&#8217;alumnat d&#8217;Infantil amb jocs i un altre per al de Prim\u00e0ria, que inclou un hort escolar. A m\u00e9s, el centre t\u00e9 a la seua disposici\u00f3 les pistes esportives del poliesportiu municipal annex.<\/p>\n\n\n\n<p>Deu centres de nova construcci\u00f3 al Camp de T\u00faria<\/p>\n\n\n\n<p>La Conselleria d&#8217;Educaci\u00f3 inverteix a la comarca del Camp de T\u00faria 83,7 milions d&#8217;euros per a millorar 28 escoles i instituts d&#8217;11 municipis.&nbsp;<\/p>\n\n\n\n<p>Aquesta inversi\u00f3 inclou 10 centres educatius de nova construcci\u00f3, ja acabats: l&#8217;aulari Mestre Ferran Zurriaga del CRA Alt Carraixet a Olocau i el CEIP N\u00famero 2 de Sant Antoni de Benaixeve, un centre de nova creaci\u00f3 que va obrir les portes el setembre passat i que s&#8217;ha constru\u00eft amb una inversi\u00f3 de 6 milions d&#8217;euros per part de la Conselleria.&nbsp;<\/p>\n\n\n\n<p>Tamb\u00e9 s\u00f3n centres de nova creaci\u00f3 el futur IES N\u00famero 2 de B\u00e9tera, on Educaci\u00f3 inverteix 19,5 milions d&#8217;euros; el segon institut de la Pobla de Vallbona, amb una inversi\u00f3 de 10,6 milions, i el CEIP N\u00famero 3 de Ll\u00edria, on la inversi\u00f3 supera els 6 milions.&nbsp;<\/p>\n\n\n\n<p>Igualment, es construeixen de nou l&#8217;IES Camp de T\u00faria de Ll\u00edria, amb una inversi\u00f3 de 10,5 milions, i el CEIP Mozart de Loriguilla, al qual es destinen 5,7 milions.&nbsp;<\/p>\n\n\n\n<p>Finalment, hi ha tres grans ampliacions i reformes de centres que, per la magnitud de la inversi\u00f3 que es realitza, quedaran com si foren nous. Es tracta de les ampliacions de l&#8217;institut de Sant Antoni de Benaixeve, amb 4,2 milions d&#8217;inversi\u00f3; de l&#8217;IES Els Alf\u00e0begues de B\u00e9tera, en el qual s&#8217;inverteixen 4 milions, i del CEIP El Garb\u00ed de L&#8217;Eliana, amb m\u00e9s de 5 milions d&#8217;inversi\u00f3.<\/p>\n\n\n\n<p><\/p>\n","protected":false},"excerpt":{"rendered":"<div class=\"mh-excerpt\">La Conselleria ha invertit 4 milions d&#8217;euros en la construcci\u00f3 de l&#8217;aulari del CRA Alt Carraixet a Olocau&nbsp;Educaci\u00f3 inverteix 83,7 milions en la millora de 28 centres del Camp de T\u00faria, 10 dels quals s\u00f3n <a class=\"mh-excerpt-more\" href=\"https:\/\/www.tucomarca.com\/wordpress\/segunda\/ca\/raquel-tamarit-olocau-te-nova-escola-i-amb-nom-propi-el-del-gran-mestre-ferran-zurriaga\/\" title=\"Raquel Tamarit: \u201cOlocau t\u00e9 nova escola i amb nom propi, el del gran mestre Ferran Zurriaga\u201d\">[+] <\/a><\/div>\n","protected":false},"author":12,"featured_media":174753,"comment_status":"open","ping_status":"open","sticky":false,"template":"","format":"standard","meta":{"footnotes":""},"categories":[10892,11005,10898,10948,10894,11007,10935,10947,10896],"tags":[10899,12359],"class_list":{"0":"post-174754","1":"post","2":"type-post","3":"status-publish","4":"format-standard","5":"has-post-thumbnail","7":"category-camp-de-turia-ca","8":"category-canal-musica","9":"category-ventana-ca","10":"category-infraestructuras-ca","11":"category-la-comarca-ca","12":"category-ocio-y-cultura-ca","13":"category-olocau-ca","14":"category-politica","15":"category-seccion-ca","16":"tag-camp-de-turia-ca","17":"tag-olocau-ca"},"_links":{"self":[{"href":"https:\/\/www.tucomarca.com\/wordpress\/segunda\/ca\/wp-json\/wp\/v2\/posts\/174754","targetHints":{"allow":["GET"]}}],"collection":[{"href":"https:\/\/www.tucomarca.com\/wordpress\/segunda\/ca\/wp-json\/wp\/v2\/posts"}],"about":[{"href":"https:\/\/www.tucomarca.com\/wordpress\/segunda\/ca\/wp-json\/wp\/v2\/types\/post"}],"author":[{"embeddable":true,"href":"https:\/\/www.tucomarca.com\/wordpress\/segunda\/ca\/wp-json\/wp\/v2\/users\/12"}],"replies":[{"embeddable":true,"href":"https:\/\/www.tucomarca.com\/wordpress\/segunda\/ca\/wp-json\/wp\/v2\/comments?post=174754"}],"version-history":[{"count":0,"href":"https:\/\/www.tucomarca.com\/wordpress\/segunda\/ca\/wp-json\/wp\/v2\/posts\/174754\/revisions"}],"wp:featuredmedia":[{"embeddable":true,"href":"https:\/\/www.tucomarca.com\/wordpress\/segunda\/ca\/wp-json\/wp\/v2\/media\/174753"}],"wp:attachment":[{"href":"https:\/\/www.tucomarca.com\/wordpress\/segunda\/ca\/wp-json\/wp\/v2\/media?parent=174754"}],"wp:term":[{"taxonomy":"category","embeddable":true,"href":"https:\/\/www.tucomarca.com\/wordpress\/segunda\/ca\/wp-json\/wp\/v2\/categories?post=174754"},{"taxonomy":"post_tag","embeddable":true,"href":"https:\/\/www.tucomarca.com\/wordpress\/segunda\/ca\/wp-json\/wp\/v2\/tags?post=174754"}],"curies":[{"name":"wp","href":"https:\/\/api.w.org\/{rel}","templated":true}]}}