{"id":174760,"date":"2022-12-26T12:00:00","date_gmt":"2022-12-26T10:00:00","guid":{"rendered":"https:\/\/www.tucomarca.com\/wordpress\/segunda\/?p=174760"},"modified":"2022-12-26T21:30:22","modified_gmt":"2022-12-26T19:30:22","slug":"renfe-vigilara-amb-drons-les-estacions-de-bunyol-i-utiel-per-a-evitar-actes-vandalics","status":"publish","type":"post","link":"https:\/\/www.tucomarca.com\/wordpress\/segunda\/ca\/renfe-vigilara-amb-drons-les-estacions-de-bunyol-i-utiel-per-a-evitar-actes-vandalics\/","title":{"rendered":"Renfe vigilar\u00e0 amb drons les estacions de Bunyol i Utiel per a evitar actes vand\u00e0lics"},"content":{"rendered":"\n<h4 class=\"wp-block-heading\">El servei es prestar\u00e0 a trav\u00e9s d&#8217;Unitats M\u00f2bils A\u00e8ries (UMAS), amb capacitat per a operar en tot el territori nacional&nbsp;<\/h4>\n\n\n\n<h4 class=\"wp-block-heading\">El contracte contempla la realitzaci\u00f3 d&#8217;un total de 76.720 hores de vol&nbsp;<\/h4>\n\n\n\n<p>Renfe ha licitat la contractaci\u00f3 d&#8217;un servei de seguretat amb drons. Aquesta inversi\u00f3, pionera en l&#8217;\u00e0mbit ferroviari, comptar\u00e0 amb una inversi\u00f3 de 3,5 milions d&#8217;euros i contempla la realitzaci\u00f3 de 76.720 hores de vol.\u00a0<br>Aquesta iniciativa, que \u00e9s complement\u00e0ria als serveis de seguretat actuals i que ser\u00e0 din\u00e0mica ja que es podr\u00e0 operar en tot el territori nacional, persegueix dos objectius principals:\u00a0Exercir un car\u00e0cter dissuasiu sobre totes aquelles activitats que puguen generar un risc per als usuaris, actius o personal de Renfe. I detecci\u00f3 preco\u00e7 i captaci\u00f3 d&#8217;imatges per a permetre la identificaci\u00f3 dels autors d&#8217;aquestes actuacions en cas de produir-se Per a aix\u00f2, es comptar\u00e0 amb c\u00e0meres amb enregistrament permanent que permetran una adequada detecci\u00f3 de les diferents circumst\u00e0ncies de risc, aix\u00ed com la identificaci\u00f3 de persones i de plaques de matr\u00edcula de vehicles en qualsevol condici\u00f3 de visibilitat, ja que en cas de males condicions d&#8217;il\u00b7luminaci\u00f3, els equips comptaran amb c\u00e0meres t\u00e8rmiques. <br>Les Unitats M\u00f2bils A\u00e8ries estaran operades per pilots de drons que seran al seu torn vigilants de seguretat. Disposaran de tot l&#8217;equipament necessari per a permetre la seua operaci\u00f3 de forma continuada durant tot el dia si fora necessari. El servei est\u00e0 especialment dissenyat per a permetre l&#8217;operaci\u00f3 en la proximitat a zones residencials, mitjan\u00e7ant l&#8217;\u00fas de drons de baixa emissi\u00f3 ac\u00fastica.\u00a0<br>Aquesta iniciativa, impulsada per l&#8217;\u00e0rea de Seguretat Corporativa de Renfe, que s&#8217;ha desenvolupat despr\u00e9s de la realitzaci\u00f3 de diverses proves pilot amb resultats satisfactoris, s&#8217;alinea amb els objectius del Pla Estrat\u00e8gic de la companyia, on s&#8217;advoca per la utilitzaci\u00f3 de l&#8217;\u00faltima tecnologia en la prestaci\u00f3 dels serveis.<\/p>\n\n\n\n<p><\/p>\n","protected":false},"excerpt":{"rendered":"<div class=\"mh-excerpt\">El servei es prestar\u00e0 a trav\u00e9s d&#8217;Unitats M\u00f2bils A\u00e8ries (UMAS), amb capacitat per a operar en tot el territori nacional&nbsp; El contracte contempla la realitzaci\u00f3 d&#8217;un total de 76.720 hores de vol&nbsp; Renfe ha licitat <a class=\"mh-excerpt-more\" href=\"https:\/\/www.tucomarca.com\/wordpress\/segunda\/ca\/renfe-vigilara-amb-drons-les-estacions-de-bunyol-i-utiel-per-a-evitar-actes-vandalics\/\" title=\"Renfe vigilar\u00e0 amb drons les estacions de Bunyol i Utiel per a evitar actes vand\u00e0lics\">[+] <\/a><\/div>\n","protected":false},"author":12,"featured_media":174762,"comment_status":"open","ping_status":"open","sticky":false,"template":"","format":"standard","meta":{"footnotes":""},"categories":[10911,10898,10948,10894,10912,10909,10896,10897,11059],"tags":[10913,14425,10914,10910,11174,18580],"class_list":{"0":"post-174760","1":"post","2":"type-post","3":"status-publish","4":"format-standard","5":"has-post-thumbnail","7":"category-bunol-ca","8":"category-ventana-ca","9":"category-infraestructuras-ca","10":"category-la-comarca-ca","11":"category-la-hoya-ca","12":"category-requena-utiel-ca","13":"category-seccion-ca","14":"category-sucesos-la-comarca-ca","15":"category-utiel-ca","16":"tag-bunol-ca","17":"tag-drones-ca","18":"tag-la-hoya-de-bunol-chiva-ca","19":"tag-requena-utiel-ca","20":"tag-utiel-ca","21":"tag-vigilancia-ca"},"_links":{"self":[{"href":"https:\/\/www.tucomarca.com\/wordpress\/segunda\/ca\/wp-json\/wp\/v2\/posts\/174760","targetHints":{"allow":["GET"]}}],"collection":[{"href":"https:\/\/www.tucomarca.com\/wordpress\/segunda\/ca\/wp-json\/wp\/v2\/posts"}],"about":[{"href":"https:\/\/www.tucomarca.com\/wordpress\/segunda\/ca\/wp-json\/wp\/v2\/types\/post"}],"author":[{"embeddable":true,"href":"https:\/\/www.tucomarca.com\/wordpress\/segunda\/ca\/wp-json\/wp\/v2\/users\/12"}],"replies":[{"embeddable":true,"href":"https:\/\/www.tucomarca.com\/wordpress\/segunda\/ca\/wp-json\/wp\/v2\/comments?post=174760"}],"version-history":[{"count":0,"href":"https:\/\/www.tucomarca.com\/wordpress\/segunda\/ca\/wp-json\/wp\/v2\/posts\/174760\/revisions"}],"wp:featuredmedia":[{"embeddable":true,"href":"https:\/\/www.tucomarca.com\/wordpress\/segunda\/ca\/wp-json\/wp\/v2\/media\/174762"}],"wp:attachment":[{"href":"https:\/\/www.tucomarca.com\/wordpress\/segunda\/ca\/wp-json\/wp\/v2\/media?parent=174760"}],"wp:term":[{"taxonomy":"category","embeddable":true,"href":"https:\/\/www.tucomarca.com\/wordpress\/segunda\/ca\/wp-json\/wp\/v2\/categories?post=174760"},{"taxonomy":"post_tag","embeddable":true,"href":"https:\/\/www.tucomarca.com\/wordpress\/segunda\/ca\/wp-json\/wp\/v2\/tags?post=174760"}],"curies":[{"name":"wp","href":"https:\/\/api.w.org\/{rel}","templated":true}]}}