{"id":174781,"date":"2022-12-26T13:00:00","date_gmt":"2022-12-26T11:00:00","guid":{"rendered":"https:\/\/www.tucomarca.com\/wordpress\/segunda\/?p=174781"},"modified":"2022-12-27T16:37:27","modified_gmt":"2022-12-27T14:37:27","slug":"xest-celebra-la-nit-de-nadal-amb-activitats-per-a-tots-els-publics","status":"publish","type":"post","link":"https:\/\/www.tucomarca.com\/wordpress\/segunda\/ca\/xest-celebra-la-nit-de-nadal-amb-activitats-per-a-tots-els-publics\/","title":{"rendered":"Xest celebra la Nit de Nadal amb activitats per a tots els p\u00fablics"},"content":{"rendered":"\n<p>Des de les regidories de Comer\u00e7 i Festes dissabte passat, 24 de desembre, es va preparar una jornada especial per a celebrar el dia de Nit de Nadal a Xest. Aix\u00ed, al mat\u00ed, el mercat municipal va rebre la visita de Pap\u00e0 Noel; xiquets i xiquetes de totes les edats es van acostar a saludar-li i fer-li lliurament de les seues cartes. Paral\u00b7lelament, la pla\u00e7a de l&#8217;ermita va acollir activitats infantils, amb cot\u00f3 dol\u00e7 i una Disc TikTok que va estar en marxa fins a les 13.00.<\/p>\n\n\n\n<p>A la nit, la carpa instal\u00b7lada en la Pla\u00e7a Doctor Cajal va acollir una festa de Nit de Nadal, organitzada amb la col\u00b7laboraci\u00f3 del Pub Horse i Proomusic, en la qual van actuar els DJ V\u00edctor G\u00f3mez i Bruno Velert.<\/p>\n\n\n\n<p>\u201cTotes dues activitats van tindre \u00e8xit de participaci\u00f3\u201d, ha declarat la regidora de Comer\u00e7, Brenda Jim\u00e9nez. \u201cAl mat\u00ed, el mercat es va omplir de fam\u00edlies que van visitar a Pap\u00e0 Noel o que van deixar als seus fills i filles gaudint de la Disc TikTok mentre realitzaven les seues compres nadalenques. I a la nit la carpa va tindre l&#8217;aforament complet: ve\u00efns i ve\u00efnes de totes les edats es van acostar al recinte per a gaudir de l&#8217;actuaci\u00f3 dels DJ en companyia d&#8217;amistats i fam\u00edlia\u201d.<\/p>\n\n\n\n<p><\/p>\n","protected":false},"excerpt":{"rendered":"<div class=\"mh-excerpt\">Des de les regidories de Comer\u00e7 i Festes dissabte passat, 24 de desembre, es va preparar una jornada especial per a celebrar el dia de Nit de Nadal a Xest. Aix\u00ed, al mat\u00ed, el mercat <a class=\"mh-excerpt-more\" href=\"https:\/\/www.tucomarca.com\/wordpress\/segunda\/ca\/xest-celebra-la-nit-de-nadal-amb-activitats-per-a-tots-els-publics\/\" title=\"Xest celebra la Nit de Nadal amb activitats per a tots els p\u00fablics\">[+] <\/a><\/div>\n","protected":false},"author":12,"featured_media":174780,"comment_status":"open","ping_status":"open","sticky":false,"template":"","format":"standard","meta":{"footnotes":""},"categories":[10894,10912,11007,11008,10896,10974],"tags":[18584,11071,10914,18583],"class_list":{"0":"post-174781","1":"post","2":"type-post","3":"status-publish","4":"format-standard","5":"has-post-thumbnail","7":"category-la-comarca-ca","8":"category-la-hoya-ca","9":"category-ocio-y-cultura-ca","10":"category-pueblos-en-fiestas-ca","11":"category-seccion-ca","12":"category-cheste-ca","13":"tag-actividades-ca","14":"tag-cheste","15":"tag-la-hoya-de-bunol-chiva-ca","16":"tag-nochebuena-ca"},"_links":{"self":[{"href":"https:\/\/www.tucomarca.com\/wordpress\/segunda\/ca\/wp-json\/wp\/v2\/posts\/174781","targetHints":{"allow":["GET"]}}],"collection":[{"href":"https:\/\/www.tucomarca.com\/wordpress\/segunda\/ca\/wp-json\/wp\/v2\/posts"}],"about":[{"href":"https:\/\/www.tucomarca.com\/wordpress\/segunda\/ca\/wp-json\/wp\/v2\/types\/post"}],"author":[{"embeddable":true,"href":"https:\/\/www.tucomarca.com\/wordpress\/segunda\/ca\/wp-json\/wp\/v2\/users\/12"}],"replies":[{"embeddable":true,"href":"https:\/\/www.tucomarca.com\/wordpress\/segunda\/ca\/wp-json\/wp\/v2\/comments?post=174781"}],"version-history":[{"count":0,"href":"https:\/\/www.tucomarca.com\/wordpress\/segunda\/ca\/wp-json\/wp\/v2\/posts\/174781\/revisions"}],"wp:featuredmedia":[{"embeddable":true,"href":"https:\/\/www.tucomarca.com\/wordpress\/segunda\/ca\/wp-json\/wp\/v2\/media\/174780"}],"wp:attachment":[{"href":"https:\/\/www.tucomarca.com\/wordpress\/segunda\/ca\/wp-json\/wp\/v2\/media?parent=174781"}],"wp:term":[{"taxonomy":"category","embeddable":true,"href":"https:\/\/www.tucomarca.com\/wordpress\/segunda\/ca\/wp-json\/wp\/v2\/categories?post=174781"},{"taxonomy":"post_tag","embeddable":true,"href":"https:\/\/www.tucomarca.com\/wordpress\/segunda\/ca\/wp-json\/wp\/v2\/tags?post=174781"}],"curies":[{"name":"wp","href":"https:\/\/api.w.org\/{rel}","templated":true}]}}