{"id":174788,"date":"2022-12-26T17:00:00","date_gmt":"2022-12-26T15:00:00","guid":{"rendered":"https:\/\/www.tucomarca.com\/wordpress\/segunda\/?p=174788"},"modified":"2022-12-26T23:09:43","modified_gmt":"2022-12-26T21:09:43","slug":"un-total-de-150-xiquets-participen-en-lescola-de-nadal-de-benaguasil","status":"publish","type":"post","link":"https:\/\/www.tucomarca.com\/wordpress\/segunda\/ca\/un-total-de-150-xiquets-participen-en-lescola-de-nadal-de-benaguasil\/","title":{"rendered":"Un total de 150 xiquets participen en l&#8217;Escola de Nadal de Benaguasil"},"content":{"rendered":"\n<h4 class=\"wp-block-heading\">L&#8217;activitat&nbsp;es desenvolupa de 9h a 14h&nbsp;i en ella els m\u00e9s xicotets realitzen tallers de manualitats, activitats l\u00fadiques relacionades amb el nadal, jocs, etc.&nbsp;<\/h4>\n\n\n\n<h4 class=\"wp-block-heading\">L&#8217;objectiu \u00e9s afavorir la conciliaci\u00f3 de les fam\u00edlies amb xiquets menors de 12 anys en aquesta \u00e8poca nadalenca.<\/h4>\n\n\n\n<p>L&#8217;Ajuntament de Benaguasil, a trav\u00e9s de la Regidoria de Joventut, ha donat inici hui als tallers de l&#8217;Escola de Nadal, dirigida a xiquets i xiquetes d&#8217;edats compreses entre els 3 i els 12 anys.<br>Enguany participen un total de 150 xiquets i xiquetes que fins al dia 30 de desembre gaudiran de les nombroses activitats nadalenques que l&#8217;Ajuntament&nbsp;ha pensat per a ells durant els seus dies de vacances escolars.<br>La tem\u00e0tica general girar\u00e0 entorn de les diferents tradicions nadalenques que existeixen al voltant del m\u00f3n, realitzant manualitats i activitats l\u00fadiques relacionades amb el pa\u00eds a tractar.<br>L&#8217;activitat es desenvolupa en les instal\u00b7lacions del centre multifuncional BClub. Fins all\u00ed s&#8217;ha despla\u00e7at la regidor de l&#8217;\u00e0rea, Ana Aleixandre per a visitar als xiquets que participen en aquesta activitat municipal gratu\u00efta, l&#8217;objectiu de la qual \u00e9s oferir a les fam\u00edlies una conciliaci\u00f3 laboral en aquestes dates que s\u00f3n no lectives, per\u00f2 s\u00ed laborables.<br>Les propostes per als m\u00e9s xicotets es completen amb la fira gamer hui i dem\u00e0, la tardevieja infantil el dia 31 de desembre, el lliurament de cartes als emissaris de SSMM del 2 al 4 de gener i la cavalcada de Reis&nbsp;el dia 5.<\/p>\n\n\n\n<p><\/p>\n","protected":false},"excerpt":{"rendered":"<div class=\"mh-excerpt\">L&#8217;activitat&nbsp;es desenvolupa de 9h a 14h&nbsp;i en ella els m\u00e9s xicotets realitzen tallers de manualitats, activitats l\u00fadiques relacionades amb el nadal, jocs, etc.&nbsp; L&#8217;objectiu \u00e9s afavorir la conciliaci\u00f3 de les fam\u00edlies amb xiquets menors de <a class=\"mh-excerpt-more\" href=\"https:\/\/www.tucomarca.com\/wordpress\/segunda\/ca\/un-total-de-150-xiquets-participen-en-lescola-de-nadal-de-benaguasil\/\" title=\"Un total de 150 xiquets participen en l&#8217;Escola de Nadal de Benaguasil\">[+] <\/a><\/div>\n","protected":false},"author":12,"featured_media":174787,"comment_status":"open","ping_status":"open","sticky":false,"template":"","format":"standard","meta":{"footnotes":""},"categories":[10952,10892,10894,11007,10896],"tags":[11136,10899,18586],"class_list":{"0":"post-174788","1":"post","2":"type-post","3":"status-publish","4":"format-standard","5":"has-post-thumbnail","7":"category-benaguasil-ca","8":"category-camp-de-turia-ca","9":"category-la-comarca-ca","10":"category-ocio-y-cultura-ca","11":"category-seccion-ca","12":"tag-benaguasil-ca","13":"tag-camp-de-turia-ca","14":"tag-escuela-de-navidad-ca"},"_links":{"self":[{"href":"https:\/\/www.tucomarca.com\/wordpress\/segunda\/ca\/wp-json\/wp\/v2\/posts\/174788","targetHints":{"allow":["GET"]}}],"collection":[{"href":"https:\/\/www.tucomarca.com\/wordpress\/segunda\/ca\/wp-json\/wp\/v2\/posts"}],"about":[{"href":"https:\/\/www.tucomarca.com\/wordpress\/segunda\/ca\/wp-json\/wp\/v2\/types\/post"}],"author":[{"embeddable":true,"href":"https:\/\/www.tucomarca.com\/wordpress\/segunda\/ca\/wp-json\/wp\/v2\/users\/12"}],"replies":[{"embeddable":true,"href":"https:\/\/www.tucomarca.com\/wordpress\/segunda\/ca\/wp-json\/wp\/v2\/comments?post=174788"}],"version-history":[{"count":0,"href":"https:\/\/www.tucomarca.com\/wordpress\/segunda\/ca\/wp-json\/wp\/v2\/posts\/174788\/revisions"}],"wp:featuredmedia":[{"embeddable":true,"href":"https:\/\/www.tucomarca.com\/wordpress\/segunda\/ca\/wp-json\/wp\/v2\/media\/174787"}],"wp:attachment":[{"href":"https:\/\/www.tucomarca.com\/wordpress\/segunda\/ca\/wp-json\/wp\/v2\/media?parent=174788"}],"wp:term":[{"taxonomy":"category","embeddable":true,"href":"https:\/\/www.tucomarca.com\/wordpress\/segunda\/ca\/wp-json\/wp\/v2\/categories?post=174788"},{"taxonomy":"post_tag","embeddable":true,"href":"https:\/\/www.tucomarca.com\/wordpress\/segunda\/ca\/wp-json\/wp\/v2\/tags?post=174788"}],"curies":[{"name":"wp","href":"https:\/\/api.w.org\/{rel}","templated":true}]}}