{"id":174814,"date":"2022-12-27T13:05:00","date_gmt":"2022-12-27T11:05:00","guid":{"rendered":"https:\/\/www.tucomarca.com\/wordpress\/segunda\/?p=174814"},"modified":"2022-12-27T15:24:45","modified_gmt":"2022-12-27T13:24:45","slug":"fotogaleria-xest-presenta-a-les-seues-escoles-esportives-municipals","status":"publish","type":"post","link":"https:\/\/www.tucomarca.com\/wordpress\/segunda\/ca\/fotogaleria-xest-presenta-a-les-seues-escoles-esportives-municipals\/","title":{"rendered":"Fotogaler\u00eda: Xest presenta a les seues escoles esportives municipals"},"content":{"rendered":"\n<p>El teatre Liceu de Xest es va vestir de gala divendres passat, 23 de desembre, per a celebrar la presentaci\u00f3 de les Escoles Esportives Municipals (EDM) 2022-2023.<\/p>\n\n\n\n<p>L&#8217;esdeveniment va estar condu\u00eft per Miguel \u00c1ngel Arnau S\u00e1nchez i va arrancar amb la projecci\u00f3 d&#8217;un v\u00eddeo recopilatori de tots els esdeveniments esportius organitzats per la regidoria d&#8217;Esports durant l&#8217;any 2022. Tot seguit, i per a donar la benvinguda a l&#8217;acte, va tindre lloc la intervenci\u00f3 del regidor d&#8217;Esports, Francisco Llorens, i de l&#8217;alcalde de Xest, Jos\u00e9 Morell, els qui van posar en valor les activitats de les escoles esportives municipals, enaltint la labor realitzada des de la coordinaci\u00f3 de les acarones, aix\u00ed com la duta a terme per monitors, monitores i alumnat en el dia a dia.&nbsp;<\/p>\n\n\n\n<p>\u201cAquest 2022 ha sigut un any molt complet quant a activitats, com s&#8217;ha vist en el v\u00eddeo. Hui, un any m\u00e9s estem presentant a les nostres escoles, que compten amb una gran oferta d&#8217;activitats. Hui celebrem un acte exclusivament dedicat a l&#8217;alumnat, ja que coneixerem a tots els equips de nostres EDM. Des de la regidoria d&#8217;Esports continuarem treballant per a continuar creixent quant a oferta, de manera que xiquets i xiquetes tinguen el ventall m\u00e9s ampli possible\u201d, declarava el regidor. \u201cVull agrair a l&#8217;equip de l&#8217;\u00e0rea d&#8217;Esports el seu treball constant i el seu suport\u201d.<\/p>\n\n\n\n<p>Per part seua, l&#8217;alcalde va posar l&#8217;accent en l&#8217;augment d&#8217;alumnat de les escoles i va subratllar les inversions realitzades en mat\u00e8ria esportiva per part del Consistori. \u201cEl nombre d&#8217;alumnes s&#8217;ha incrementat en quasi 100 enguany, amb el que ens estem acostant als 700 xiquets i xiquetes a les escoles esportives municipals. Per aix\u00f2 estem d&#8217;enhorabona, aquest \u00e9s una dada reveladora de la import\u00e0ncia que ha tingut la pr\u00e0ctica esportiva al nostre poble i l&#8217;acolliment i consolidaci\u00f3 de les EDM. Cal destacar l&#8217;increment d&#8217;alumnat en basket, que ha aconseguit els quasi 60 joves, i tamb\u00e9 en voleibol, escola que va comen\u00e7ar amb 8 inscrits i ja va per quasi 30\u201d, manifestava Morell. \u201cDes de l&#8217;Ajuntament continuarem apostant per millorar la gesti\u00f3 i les instal\u00b7lacions. Estem escometent una actualitzaci\u00f3 de les instal\u00b7lacions rellevant que continuar\u00e0 en 2023. De fet, acabem d&#8217;adjudicar les obres d&#8217;un dels vestuaris del camp de futbol La Vinya, tamb\u00e9 hem adjudicat les dues noves pistes de tennis, donant resposta a l&#8217;enorme demanda que t\u00e9 aquest esport a Xest. Som conscients que hi ha moltes necessitats; i per aix\u00f2 estem fent un esfor\u00e7 econ\u00f2mic que va entorn del mig mili\u00f3 d&#8217;euros. D&#8217;altra banda, durant 2022 tamb\u00e9 s&#8217;ha notat un creixement en la innovaci\u00f3 i qualitat, fruit del treball de la regidoria; volem fomentar la pr\u00e0ctica esportiva, sense importar qualsevol circumst\u00e0ncia personal, per aix\u00f2 estem compromesos, per exemple, amb l&#8217;esport femen\u00ed. Com a novetat, cal destacar el campus esportiu de la universitat laboral, que va tindre \u00e8xit de participaci\u00f3; els tres campus de futbol, o la setmana de l&#8217;esport, que va incloure la jornada d&#8217;esport inclusiu. Tamb\u00e9 realitzem homenatges, com el dedicat a Carlos Corber\u00e1n, de manera que es va recon\u00e9ixer la labor d&#8217;aquest esportista mostrant aix\u00ed a l&#8217;alumnat el lluny que es pot arribar amb treball i const\u00e0ncia\u201d.<\/p>\n\n\n\n<p>L&#8217;alcalde va concloure el seu discurs donant gr\u00e0cies a monitors i monitores, a StopGoal i a les fam\u00edlies, per la seua implicaci\u00f3 amb l&#8217;esport, i va demanar un aplaudiment per als patrocinadors de les EDM: la Fundaci\u00f3 cajacheste i les empreses Prieto i fills i SPB. A m\u00e9s va destacar l&#8217;exist\u00e8ncia de conveni establit entre l&#8217;Ajuntament i l&#8217;IES Ricardo Mar\u00edn per a fomentar l&#8217;esport a Xest, amb la participaci\u00f3 d&#8217;estudiants en les \u00faltimes carreres convocades.<\/p>\n\n\n\n<p>Com cada temporada, es va dedicar un espai per a agrair p\u00fablicament el suport de les associacions i clubs de la localitat que participen de manera volunt\u00e0ria en diferents esdeveniments esportius: la Junta Local de l&#8217;Associaci\u00f3 Espanyola Contra el C\u00e0ncer, el Club de Frontenis, la Penya Xest Che, el Club d&#8217;Escacs, la Penya Taurina, el Club de B\u00e0squet de Xest, el Club Yoshitaka, el CD Xest, la Falla L&#8217;Alegria, la Falla Ind\u00fastria i Comer\u00e7, l&#8217;associaci\u00f3 ChesteFit, el Club d&#8217;Atletisme, el Club d&#8217;Escalada i el Club de Salt de Cordes. Aix\u00ed mateix, es va aplaudir el treball realitzat per Protecci\u00f3 Civil, la Brigada Municipal i la Policia Local en tots els actes realitzats.<\/p>\n\n\n\n<p>Despr\u00e9s d&#8217;aquest reconeixement a les entitats que participen activament en els esdeveniments esportius, va comen\u00e7ar la presentaci\u00f3 de les escoles amb la pujada a l&#8217;escenari de la bandera de les EDM, porteada per alumnat de l&#8217;equip querub\u00ed de futbol, al costat dels seus monitors Nacho Xirivella i Patricia Toledo. Despr\u00e9s d&#8217;ells van anar desfilant la resta d&#8217;escoles, fins a completar les modalitats esportives que s&#8217;ofereixen a Xest: futbol, dansa, danse party, escacs, gimn\u00e0stica r\u00edtmica i batuka, atletisme, ciclisme, b\u00e0squet, tennis, karate, escalada, orientaci\u00f3, p\u00e0del, voleibol i salt de corda. Finalment van ser cridats a l&#8217;escenari l&#8217;entrenador de porters i coordinador d&#8217;esdeveniments esportius, Francisco Fortea; la psic\u00f2loga dels equips de futbol, Eva Tello; el responsable de les xarxes socials dels equips de futbol, Yago Andr\u00e9s; el preparador f\u00edsic de futbol, Ignacio Aguado; el fisioterapeuta de l&#8217;escola de futbol, Carlos Luis Mart\u00ednez; els coordinadors de l&#8217;escola de futbol, Ricardo Tamarit i Vicente Garc\u00eda; el coordinador de l&#8217;escola de b\u00e0squet, Eduardo Sanz, el coordinador de l&#8217;escola de tennis, Ador Parets, els conserges del pavell\u00f3, Jos\u00e9 Garc\u00eda i Sergio Exp\u00f3sito, i la coordinadora de les EDM, M\u00f3nica Verduch.<\/p>\n\n\n\n<figure class=\"wp-block-gallery has-nested-images columns-2 is-cropped wp-block-gallery-1 is-layout-flex wp-block-gallery-is-layout-flex\">\n<figure class=\"wp-block-image size-large\"><img loading=\"lazy\" decoding=\"async\" width=\"886\" height=\"591\" data-id=\"174795\" src=\"http:\/\/www.tucomarca.com\/wordpress\/segunda\/wp-content\/uploads\/2022\/12\/ChesteEDM_1.jpg\" alt=\"\" class=\"wp-image-174795\" srcset=\"https:\/\/www.tucomarca.com\/wordpress\/segunda\/wp-content\/uploads\/2022\/12\/ChesteEDM_1.jpg 886w, https:\/\/www.tucomarca.com\/wordpress\/segunda\/wp-content\/uploads\/2022\/12\/ChesteEDM_1-300x200.jpg 300w, https:\/\/www.tucomarca.com\/wordpress\/segunda\/wp-content\/uploads\/2022\/12\/ChesteEDM_1-768x512.jpg 768w\" sizes=\"auto, (max-width: 886px) 100vw, 886px\" \/><\/figure>\n\n\n\n<figure class=\"wp-block-image size-large\"><img loading=\"lazy\" decoding=\"async\" width=\"886\" height=\"591\" data-id=\"174797\" src=\"http:\/\/www.tucomarca.com\/wordpress\/segunda\/wp-content\/uploads\/2022\/12\/ChesteEDM_3.jpg\" alt=\"\" class=\"wp-image-174797\" srcset=\"https:\/\/www.tucomarca.com\/wordpress\/segunda\/wp-content\/uploads\/2022\/12\/ChesteEDM_3.jpg 886w, https:\/\/www.tucomarca.com\/wordpress\/segunda\/wp-content\/uploads\/2022\/12\/ChesteEDM_3-300x200.jpg 300w, https:\/\/www.tucomarca.com\/wordpress\/segunda\/wp-content\/uploads\/2022\/12\/ChesteEDM_3-768x512.jpg 768w\" sizes=\"auto, (max-width: 886px) 100vw, 886px\" \/><\/figure>\n\n\n\n<figure class=\"wp-block-image size-large\"><img loading=\"lazy\" decoding=\"async\" width=\"886\" height=\"591\" data-id=\"174799\" src=\"http:\/\/www.tucomarca.com\/wordpress\/segunda\/wp-content\/uploads\/2022\/12\/ChesteEDM_4.jpg\" alt=\"\" class=\"wp-image-174799\" srcset=\"https:\/\/www.tucomarca.com\/wordpress\/segunda\/wp-content\/uploads\/2022\/12\/ChesteEDM_4.jpg 886w, https:\/\/www.tucomarca.com\/wordpress\/segunda\/wp-content\/uploads\/2022\/12\/ChesteEDM_4-300x200.jpg 300w, https:\/\/www.tucomarca.com\/wordpress\/segunda\/wp-content\/uploads\/2022\/12\/ChesteEDM_4-768x512.jpg 768w\" sizes=\"auto, (max-width: 886px) 100vw, 886px\" \/><\/figure>\n\n\n\n<figure class=\"wp-block-image size-large\"><img loading=\"lazy\" decoding=\"async\" width=\"886\" height=\"591\" data-id=\"174801\" src=\"http:\/\/www.tucomarca.com\/wordpress\/segunda\/wp-content\/uploads\/2022\/12\/ChesteEDM_5.jpg\" alt=\"\" class=\"wp-image-174801\" srcset=\"https:\/\/www.tucomarca.com\/wordpress\/segunda\/wp-content\/uploads\/2022\/12\/ChesteEDM_5.jpg 886w, https:\/\/www.tucomarca.com\/wordpress\/segunda\/wp-content\/uploads\/2022\/12\/ChesteEDM_5-300x200.jpg 300w, https:\/\/www.tucomarca.com\/wordpress\/segunda\/wp-content\/uploads\/2022\/12\/ChesteEDM_5-768x512.jpg 768w\" sizes=\"auto, (max-width: 886px) 100vw, 886px\" \/><\/figure>\n\n\n\n<figure class=\"wp-block-image size-large\"><img loading=\"lazy\" decoding=\"async\" width=\"886\" height=\"591\" data-id=\"174803\" src=\"http:\/\/www.tucomarca.com\/wordpress\/segunda\/wp-content\/uploads\/2022\/12\/ChesteEDM_6.jpg\" alt=\"\" class=\"wp-image-174803\" srcset=\"https:\/\/www.tucomarca.com\/wordpress\/segunda\/wp-content\/uploads\/2022\/12\/ChesteEDM_6.jpg 886w, https:\/\/www.tucomarca.com\/wordpress\/segunda\/wp-content\/uploads\/2022\/12\/ChesteEDM_6-300x200.jpg 300w, https:\/\/www.tucomarca.com\/wordpress\/segunda\/wp-content\/uploads\/2022\/12\/ChesteEDM_6-768x512.jpg 768w\" sizes=\"auto, (max-width: 886px) 100vw, 886px\" \/><\/figure>\n\n\n\n<figure class=\"wp-block-image size-large\"><img loading=\"lazy\" decoding=\"async\" width=\"886\" height=\"591\" data-id=\"174805\" src=\"http:\/\/www.tucomarca.com\/wordpress\/segunda\/wp-content\/uploads\/2022\/12\/ChesteEDM_7.jpg\" alt=\"\" class=\"wp-image-174805\" srcset=\"https:\/\/www.tucomarca.com\/wordpress\/segunda\/wp-content\/uploads\/2022\/12\/ChesteEDM_7.jpg 886w, https:\/\/www.tucomarca.com\/wordpress\/segunda\/wp-content\/uploads\/2022\/12\/ChesteEDM_7-300x200.jpg 300w, https:\/\/www.tucomarca.com\/wordpress\/segunda\/wp-content\/uploads\/2022\/12\/ChesteEDM_7-768x512.jpg 768w\" sizes=\"auto, (max-width: 886px) 100vw, 886px\" \/><\/figure>\n\n\n\n<figure class=\"wp-block-image size-large\"><img loading=\"lazy\" decoding=\"async\" width=\"886\" height=\"591\" data-id=\"174809\" src=\"http:\/\/www.tucomarca.com\/wordpress\/segunda\/wp-content\/uploads\/2022\/12\/ChesteEDM_9.jpg\" alt=\"\" class=\"wp-image-174809\" srcset=\"https:\/\/www.tucomarca.com\/wordpress\/segunda\/wp-content\/uploads\/2022\/12\/ChesteEDM_9.jpg 886w, https:\/\/www.tucomarca.com\/wordpress\/segunda\/wp-content\/uploads\/2022\/12\/ChesteEDM_9-300x200.jpg 300w, https:\/\/www.tucomarca.com\/wordpress\/segunda\/wp-content\/uploads\/2022\/12\/ChesteEDM_9-768x512.jpg 768w\" sizes=\"auto, (max-width: 886px) 100vw, 886px\" \/><\/figure>\n\n\n\n<figure class=\"wp-block-image size-large\"><img loading=\"lazy\" decoding=\"async\" width=\"886\" height=\"591\" data-id=\"174807\" src=\"http:\/\/www.tucomarca.com\/wordpress\/segunda\/wp-content\/uploads\/2022\/12\/ChesteEDM_8.jpg\" alt=\"\" class=\"wp-image-174807\" srcset=\"https:\/\/www.tucomarca.com\/wordpress\/segunda\/wp-content\/uploads\/2022\/12\/ChesteEDM_8.jpg 886w, https:\/\/www.tucomarca.com\/wordpress\/segunda\/wp-content\/uploads\/2022\/12\/ChesteEDM_8-300x200.jpg 300w, https:\/\/www.tucomarca.com\/wordpress\/segunda\/wp-content\/uploads\/2022\/12\/ChesteEDM_8-768x512.jpg 768w\" sizes=\"auto, (max-width: 886px) 100vw, 886px\" \/><\/figure>\n<\/figure>\n","protected":false},"excerpt":{"rendered":"<div class=\"mh-excerpt\">El teatre Liceu de Xest es va vestir de gala divendres passat, 23 de desembre, per a celebrar la presentaci\u00f3 de les Escoles Esportives Municipals (EDM) 2022-2023. L&#8217;esdeveniment va estar condu\u00eft per Miguel \u00c1ngel Arnau <a class=\"mh-excerpt-more\" href=\"https:\/\/www.tucomarca.com\/wordpress\/segunda\/ca\/fotogaleria-xest-presenta-a-les-seues-escoles-esportives-municipals\/\" title=\"Fotogaler\u00eda: Xest presenta a les seues escoles esportives municipals\">[+] <\/a><\/div>\n","protected":false},"author":12,"featured_media":174812,"comment_status":"open","ping_status":"open","sticky":false,"template":"","format":"gallery","meta":{"footnotes":""},"categories":[11003,10894,10912,11009,10896,10974],"tags":[11071,11373,10914],"class_list":{"0":"post-174814","1":"post","2":"type-post","3":"status-publish","4":"format-gallery","5":"has-post-thumbnail","7":"category-sports","8":"category-la-comarca-ca","9":"category-la-hoya-ca","10":"category-polideportivo-ca","11":"category-seccion-ca","12":"category-cheste-ca","13":"tag-cheste","14":"tag-edm-cheste-ca","15":"tag-la-hoya-de-bunol-chiva-ca","16":"post_format-post-format-gallery"},"_links":{"self":[{"href":"https:\/\/www.tucomarca.com\/wordpress\/segunda\/ca\/wp-json\/wp\/v2\/posts\/174814","targetHints":{"allow":["GET"]}}],"collection":[{"href":"https:\/\/www.tucomarca.com\/wordpress\/segunda\/ca\/wp-json\/wp\/v2\/posts"}],"about":[{"href":"https:\/\/www.tucomarca.com\/wordpress\/segunda\/ca\/wp-json\/wp\/v2\/types\/post"}],"author":[{"embeddable":true,"href":"https:\/\/www.tucomarca.com\/wordpress\/segunda\/ca\/wp-json\/wp\/v2\/users\/12"}],"replies":[{"embeddable":true,"href":"https:\/\/www.tucomarca.com\/wordpress\/segunda\/ca\/wp-json\/wp\/v2\/comments?post=174814"}],"version-history":[{"count":0,"href":"https:\/\/www.tucomarca.com\/wordpress\/segunda\/ca\/wp-json\/wp\/v2\/posts\/174814\/revisions"}],"wp:featuredmedia":[{"embeddable":true,"href":"https:\/\/www.tucomarca.com\/wordpress\/segunda\/ca\/wp-json\/wp\/v2\/media\/174812"}],"wp:attachment":[{"href":"https:\/\/www.tucomarca.com\/wordpress\/segunda\/ca\/wp-json\/wp\/v2\/media?parent=174814"}],"wp:term":[{"taxonomy":"category","embeddable":true,"href":"https:\/\/www.tucomarca.com\/wordpress\/segunda\/ca\/wp-json\/wp\/v2\/categories?post=174814"},{"taxonomy":"post_tag","embeddable":true,"href":"https:\/\/www.tucomarca.com\/wordpress\/segunda\/ca\/wp-json\/wp\/v2\/tags?post=174814"}],"curies":[{"name":"wp","href":"https:\/\/api.w.org\/{rel}","templated":true}]}}