{"id":174830,"date":"2022-12-27T12:30:00","date_gmt":"2022-12-27T10:30:00","guid":{"rendered":"https:\/\/www.tucomarca.com\/wordpress\/segunda\/?p=174830"},"modified":"2022-12-27T15:54:26","modified_gmt":"2022-12-27T13:54:26","slug":"a-boca-de-cano-luis-de-la-fuente-seleccionador-nacional-por-joseh-larrazabal","status":"publish","type":"post","link":"https:\/\/www.tucomarca.com\/wordpress\/segunda\/ca\/a-boca-de-cano-luis-de-la-fuente-seleccionador-nacional-por-joseh-larrazabal\/","title":{"rendered":"A boca de can\u00f3: &#8220;Luis de La Fuente, seleccionador nacional&#8221;, por Jos\u00e9h Larraz\u00e1bal"},"content":{"rendered":"\n<figure class=\"wp-block-image size-large is-resized\"><img loading=\"lazy\" decoding=\"async\" src=\"http:\/\/www.tucomarca.com\/wordpress\/segunda\/wp-content\/uploads\/2021\/07\/JoseLarrazabal-1024x1024.jpg\" alt=\"\" class=\"wp-image-136627\" width=\"160\" height=\"160\" srcset=\"https:\/\/www.tucomarca.com\/wordpress\/segunda\/wp-content\/uploads\/2021\/07\/JoseLarrazabal-1024x1024.jpg 1024w, https:\/\/www.tucomarca.com\/wordpress\/segunda\/wp-content\/uploads\/2021\/07\/JoseLarrazabal-300x300.jpg 300w, https:\/\/www.tucomarca.com\/wordpress\/segunda\/wp-content\/uploads\/2021\/07\/JoseLarrazabal-290x290.jpg 290w, https:\/\/www.tucomarca.com\/wordpress\/segunda\/wp-content\/uploads\/2021\/07\/JoseLarrazabal-768x768.jpg 768w, https:\/\/www.tucomarca.com\/wordpress\/segunda\/wp-content\/uploads\/2021\/07\/JoseLarrazabal.jpg 1086w\" sizes=\"auto, (max-width: 160px) 100vw, 160px\" \/><\/figure>\n\n\n\n<p>Luis de la Fuente, Seleccionador nacional.<br>Diu el bo de don Luis que Rodri jugar\u00e0 de pivot i el porter a parar.<br>Tamb\u00e9 diu que \u00e9s el que millor coneix el futbol a Espanya&#8230; entre altres coses.<\/p>\n\n\n\n<p>Jo ho veig un poquet grimpa al senyor Luis de la Fuente.<br>Per\u00f2 en fi&#8230; coses meues.<br>Es pot dir el mateix per\u00f2 sense aqueix rerefons de tirar al fang les apostes de l&#8217;anterior entrenador.<br>Et recorde que Luis Enrique t\u00e9 3 Lligues i 1 Champions amb el Bar\u00e7a, volgut de la Font.<br>A m\u00e9s d&#8217;una semifinal d&#8217;Eurocopa i una final Nations League.<br>Per a mi, de la Fuente \u00e9s un altre I\u00f1aki S\u00e1ez.<br>No vull dir que Luis Enrique siga el millor entrenador del m\u00f3n per\u00f2 fer declaracions com les d&#8217;aquest senyor, aprofitant el frac\u00e0s en el mundial i la destituci\u00f3 de l&#8217;anterior seleccionador, em sembla una mica mesqu\u00ed entre altres coses. A m\u00e9s volgut Luis no has entrenat a jugadors contrastats, nom\u00e9s a promeses.<br>Una miqueta m\u00e9s d&#8217;humilitat, noblesa i lleialtat et podria vindre b\u00e9, mira que qui escup per a dalt&#8230;<br>Jo no t&#8217;hauria triat a tu, i m\u00e9s havent-hi entrenadors contrastats que ara mateix estan sense equip.<br>Recorda que a tu t&#8217;han nominat per ser barat i treballador, res m\u00e9s.<br>Boqueta tancada i a treballar estimat Luis.<br>Salut i sort!<\/p>\n","protected":false},"excerpt":{"rendered":"<div class=\"mh-excerpt\">Luis de la Fuente, Seleccionador nacional.Diu el bo de don Luis que Rodri jugar\u00e0 de pivot i el porter a parar.Tamb\u00e9 diu que \u00e9s el que millor coneix el futbol a Espanya&#8230; entre altres coses. <a class=\"mh-excerpt-more\" href=\"https:\/\/www.tucomarca.com\/wordpress\/segunda\/ca\/a-boca-de-cano-luis-de-la-fuente-seleccionador-nacional-por-joseh-larrazabal\/\" title=\"A boca de can\u00f3: &#8220;Luis de La Fuente, seleccionador nacional&#8221;, por Jos\u00e9h Larraz\u00e1bal\">[+] <\/a><\/div>\n","protected":false},"author":1,"featured_media":136628,"comment_status":"open","ping_status":"open","sticky":false,"template":"","format":"standard","meta":{"footnotes":""},"categories":[11015,11014,11003,10894,11020,11021,10896],"tags":[15972,18588,10914,11958],"class_list":{"0":"post-174830","1":"post","2":"type-post","3":"status-publish","4":"format-standard","5":"has-post-thumbnail","7":"category-canal-futbol","8":"category-canal-valencia-cf-ca","9":"category-sports","10":"category-la-comarca-ca","11":"category-opinion-ca","12":"category-opinion-ca-2","13":"category-seccion-ca","14":"tag-a-bocajarro-ca","15":"tag-joseh-larrazabal-3-ca","16":"tag-la-hoya-de-bunol-chiva-ca","17":"tag-opinion-3-ca"},"_links":{"self":[{"href":"https:\/\/www.tucomarca.com\/wordpress\/segunda\/ca\/wp-json\/wp\/v2\/posts\/174830","targetHints":{"allow":["GET"]}}],"collection":[{"href":"https:\/\/www.tucomarca.com\/wordpress\/segunda\/ca\/wp-json\/wp\/v2\/posts"}],"about":[{"href":"https:\/\/www.tucomarca.com\/wordpress\/segunda\/ca\/wp-json\/wp\/v2\/types\/post"}],"author":[{"embeddable":true,"href":"https:\/\/www.tucomarca.com\/wordpress\/segunda\/ca\/wp-json\/wp\/v2\/users\/1"}],"replies":[{"embeddable":true,"href":"https:\/\/www.tucomarca.com\/wordpress\/segunda\/ca\/wp-json\/wp\/v2\/comments?post=174830"}],"version-history":[{"count":0,"href":"https:\/\/www.tucomarca.com\/wordpress\/segunda\/ca\/wp-json\/wp\/v2\/posts\/174830\/revisions"}],"wp:featuredmedia":[{"embeddable":true,"href":"https:\/\/www.tucomarca.com\/wordpress\/segunda\/ca\/wp-json\/wp\/v2\/media\/136628"}],"wp:attachment":[{"href":"https:\/\/www.tucomarca.com\/wordpress\/segunda\/ca\/wp-json\/wp\/v2\/media?parent=174830"}],"wp:term":[{"taxonomy":"category","embeddable":true,"href":"https:\/\/www.tucomarca.com\/wordpress\/segunda\/ca\/wp-json\/wp\/v2\/categories?post=174830"},{"taxonomy":"post_tag","embeddable":true,"href":"https:\/\/www.tucomarca.com\/wordpress\/segunda\/ca\/wp-json\/wp\/v2\/tags?post=174830"}],"curies":[{"name":"wp","href":"https:\/\/api.w.org\/{rel}","templated":true}]}}