{"id":174844,"date":"2022-12-27T10:00:00","date_gmt":"2022-12-27T08:00:00","guid":{"rendered":"https:\/\/www.tucomarca.com\/wordpress\/segunda\/?p=174844"},"modified":"2022-12-27T16:35:54","modified_gmt":"2022-12-27T14:35:54","slug":"el-departament-de-salut-de-manises-recull-mes-de-3-000-euros-que-destinara-a-obres-socials-per-nadal","status":"publish","type":"post","link":"https:\/\/www.tucomarca.com\/wordpress\/segunda\/ca\/el-departament-de-salut-de-manises-recull-mes-de-3-000-euros-que-destinara-a-obres-socials-per-nadal\/","title":{"rendered":"El Departament de Salut de Manises recull m\u00e9s de 3.000 euros que destinar\u00e0 a obres socials per Nadal"},"content":{"rendered":"\n<h4 class=\"wp-block-heading\">Des que es va posar en marxa aquesta iniciativa en 2011, l&#8217;\u00c0rea de Salut ha recollit m\u00e9s de 42.800\u20ac per a iniciatives socials<\/h4>\n\n\n\n<h4 class=\"wp-block-heading\">La donaci\u00f3 s&#8217;entrega a C\u00e0ritas, qui el reparteix en forma d&#8217;aliments a fam\u00edlies dels municipis del Departament de Salut<\/h4>\n\n\n\n<p>El Departament de Salut de Manises ha recollit un total de 3.000 euros que destinar\u00e0 a obres socials per Nadal. Aquest import correspon als diners recollits en diferents accions socials promogudes per l&#8217;\u00e0rea de salut en la seua tradicional campanya de l&#8217;Arbre Solidari. A m\u00e9s, enguany ha recollit aliments no peribles, joguets i llibres infantils gr\u00e0cies a la col\u00b7laboraci\u00f3 de pacients, visitants i empleats.<\/p>\n\n\n\n<p>I \u00e9s que, aquesta campanya, que porta m\u00e9s de 10 anys en marxa, ha aconseguit que el Departament de Salut de Manises haja donat ja m\u00e9s 42.800\u20ac euros a les persones m\u00e9s necessitades del seu entorn. Segons explica el gerent del Departament de Salut de Manises, el Dr. Ricardo Trujillo, \u201caquesta campanya nadalenca representa la prioritat que tenim en l&#8217;\u00e0rea sanit\u00e0ria per cuidar de la salut de les persones, sent les circumst\u00e0ncies socials del nostre entorn un aspecte fonamental de la seua salut\u201d.<\/p>\n\n\n\n<p>Aquest Nadal, per segon any consecutiu, els professionals de l&#8217;\u00e0rea sanit\u00e0ria han tingut l&#8217;oportunitat de donar volunt\u00e0riament l&#8217;import de les seues cistelles de nadal, i aix\u00ed ho han fet molts d&#8217;ells en el marc d&#8217;aquesta campanya solid\u00e0ria.<\/p>\n\n\n\n<p>La donaci\u00f3 de tot el recaptat s&#8217;ha entregat a C\u00e0ritas del Barri del Crist, Manises, Xest i Bunyol a trav\u00e9s de l&#8217;Associaci\u00f3 de Voluntaris de Manises i la resta dels col\u00b7laboradors. L&#8217;entitat social \u00e9s l&#8217;encarregada de repartir els aliments i joguets entre les fam\u00edlies m\u00e9s desfavorides dels municipis del Departament de Salut de Manises.<\/p>\n\n\n\n<p>El gerent de l&#8217;Hospital de Manises, Ricardo Trujillo, ha agra\u00eft a tots \u201cels que han contribu\u00eft amb aquesta iniciativa solid\u00e0ria que ha ajudat a les persones m\u00e9s necessitades\u201d. La iniciativa Arbre Solidari s&#8217;ha organitzat juntament amb l&#8217;Ajuntament de Manises i el de Bunyol.<\/p>\n\n\n\n<p><\/p>\n","protected":false},"excerpt":{"rendered":"<div class=\"mh-excerpt\">Des que es va posar en marxa aquesta iniciativa en 2011, l&#8217;\u00c0rea de Salut ha recollit m\u00e9s de 42.800\u20ac per a iniciatives socials La donaci\u00f3 s&#8217;entrega a C\u00e0ritas, qui el reparteix en forma d&#8217;aliments a <a class=\"mh-excerpt-more\" href=\"https:\/\/www.tucomarca.com\/wordpress\/segunda\/ca\/el-departament-de-salut-de-manises-recull-mes-de-3-000-euros-que-destinara-a-obres-socials-per-nadal\/\" title=\"El Departament de Salut de Manises recull m\u00e9s de 3.000 euros que destinar\u00e0 a obres socials per Nadal\">[+] <\/a><\/div>\n","protected":false},"author":12,"featured_media":174843,"comment_status":"open","ping_status":"open","sticky":false,"template":"","format":"standard","meta":{"footnotes":""},"categories":[10973,10911,10892,11010,10977,10980,10948,10894,10912,10902,10931,10978,10906,10896,11047,10974,10975],"tags":[12221,11092,10914],"class_list":{"0":"post-174844","1":"post","2":"type-post","3":"status-publish","4":"format-standard","5":"has-post-thumbnail","7":"category-alborache-ca","8":"category-bunol-ca","9":"category-camp-de-turia-ca","10":"category-canal-salud","11":"category-godelleta-ca","12":"category-yatova-ca","13":"category-infraestructuras-ca","14":"category-la-comarca-ca","15":"category-la-hoya-ca","16":"category-la-ribera-ca","17":"category-loriguilla-ca","18":"category-macastre-ca","19":"category-riba-roja-ca","20":"category-seccion-ca","21":"category-turis-ca","22":"category-cheste-ca","23":"category-chiva-ca","24":"tag-departamento-de-salud-de-manises-ca","25":"tag-hospital-de-manises-ca","26":"tag-la-hoya-de-bunol-chiva-ca"},"_links":{"self":[{"href":"https:\/\/www.tucomarca.com\/wordpress\/segunda\/ca\/wp-json\/wp\/v2\/posts\/174844","targetHints":{"allow":["GET"]}}],"collection":[{"href":"https:\/\/www.tucomarca.com\/wordpress\/segunda\/ca\/wp-json\/wp\/v2\/posts"}],"about":[{"href":"https:\/\/www.tucomarca.com\/wordpress\/segunda\/ca\/wp-json\/wp\/v2\/types\/post"}],"author":[{"embeddable":true,"href":"https:\/\/www.tucomarca.com\/wordpress\/segunda\/ca\/wp-json\/wp\/v2\/users\/12"}],"replies":[{"embeddable":true,"href":"https:\/\/www.tucomarca.com\/wordpress\/segunda\/ca\/wp-json\/wp\/v2\/comments?post=174844"}],"version-history":[{"count":0,"href":"https:\/\/www.tucomarca.com\/wordpress\/segunda\/ca\/wp-json\/wp\/v2\/posts\/174844\/revisions"}],"wp:featuredmedia":[{"embeddable":true,"href":"https:\/\/www.tucomarca.com\/wordpress\/segunda\/ca\/wp-json\/wp\/v2\/media\/174843"}],"wp:attachment":[{"href":"https:\/\/www.tucomarca.com\/wordpress\/segunda\/ca\/wp-json\/wp\/v2\/media?parent=174844"}],"wp:term":[{"taxonomy":"category","embeddable":true,"href":"https:\/\/www.tucomarca.com\/wordpress\/segunda\/ca\/wp-json\/wp\/v2\/categories?post=174844"},{"taxonomy":"post_tag","embeddable":true,"href":"https:\/\/www.tucomarca.com\/wordpress\/segunda\/ca\/wp-json\/wp\/v2\/tags?post=174844"}],"curies":[{"name":"wp","href":"https:\/\/api.w.org\/{rel}","templated":true}]}}