{"id":174859,"date":"2022-12-27T18:00:00","date_gmt":"2022-12-27T16:00:00","guid":{"rendered":"https:\/\/www.tucomarca.com\/wordpress\/segunda\/?p=174859"},"modified":"2022-12-27T21:54:50","modified_gmt":"2022-12-27T19:54:50","slug":"el-consorci-valencia-interior-aprova-el-seu-pressupost-corresponent-per-a-2023-per-mes-de-23-milions-deuros","status":"publish","type":"post","link":"https:\/\/www.tucomarca.com\/wordpress\/segunda\/ca\/el-consorci-valencia-interior-aprova-el-seu-pressupost-corresponent-per-a-2023-per-mes-de-23-milions-deuros\/","title":{"rendered":"El Consorci Val\u00e8ncia Interior aprova el seu pressupost corresponent per a 2023 per m\u00e9s de 23 milions d&#8217;euros"},"content":{"rendered":"\n<h4 class=\"wp-block-heading\">L&#8217;increment general dels preus i l&#8217;evoluci\u00f3 de la generaci\u00f3 de residus comporten un augment en el cost dels serveis a prestar<\/h4>\n\n\n\n<p>L&#8217;Assemblea General del Consorci Val\u00e8ncia Interior (CVI) ha aprovat hui els pressupostos econ\u00f2mics per a 2023, amb els quals es preveuen unes despeses de 23.111.789\u20ac euros per a la gesti\u00f3 dels residus dels 61 municipis consorciats de cinc comarques de l&#8217;interior de la prov\u00edncia de Val\u00e8ncia: Camp de T\u00faria, la Foia de Bunyol- Xiva, la Regi\u00f3 muntanyenca, la plana d&#8217;Utiel Requena i el Rac\u00f3 d&#8217;Adem\u00fas.&nbsp;<br>Aquesta quantitat suposa un 11% m\u00e9s del pressupostat en l&#8217;exercici anterior per a gestionar la xarxa de punts nets i tractar adequadament els residus generats en les llars de l&#8217;\u00e0rea que ocupa el 50% de la prov\u00edncia de Val\u00e8ncia. Aquest increment s&#8217;explica per l&#8217;ascens que han experimentat els preus del servei, en augmentar el cost de l&#8217;energia i l&#8217;Eur\u00edbor, juntament amb una pujada de les quantitats tractades, en particular les provinents de l&#8217;\u00e0rea de gesti\u00f3 ve\u00efna V5.&nbsp;<br>L&#8217;increment en els costos determinat per la situaci\u00f3 general d&#8217;inflaci\u00f3 s&#8217;ha vist compensat parcialment pels ingressos derivats del tractament de residus d&#8217;altres \u00e0rees de gesti\u00f3, que permet repartir els costos d&#8217;amortitzaci\u00f3 de les instal\u00b7lacions, amb el que l&#8217;increment esperat en la taxa que finan\u00e7a el servei quedar\u00e0 en un 5,5%, per davall de l&#8217;augment del cost de la vida en els \u00faltims mesos.&nbsp;<br>La trobada, que s&#8217;ha celebrat a l&#8217;aula ambiental de la planta de tractament de residus de Ll\u00edria, tamb\u00e9 ha servit per a fer un balan\u00e7 de les dades m\u00e9s rellevants de la gesti\u00f3 del consorci. Durant el per\u00edode 2019-2021 es va incrementar un 47% la recollida separada en els ecoparcs i es va situar a la xarxa d&#8217;ecoparcs del CVI com la segona millor de tota la comunitat aut\u00f2noma.&nbsp;<br>Durant l&#8217;acte, s&#8217;han ratificat, despr\u00e9s del proc\u00e9s de tr\u00e0mit d&#8217;audi\u00e8ncia i informaci\u00f3 p\u00fablica, dos acords adoptats en l&#8217;anterior reuni\u00f3 de l&#8217;Assemblea, la modificaci\u00f3 del contracte adjudicat en 2007 per a adequar els costos de transport entre ecoparcs al volum real de residus gestionats, i la incorporaci\u00f3 de bonificacions en la taxa per la participaci\u00f3 en programes de recollida individualitzada i autocompostatge.&nbsp;<\/p>\n\n\n\n<p><strong>Bonificaci\u00f3 compostatge dom\u00e8stic<\/strong><\/p>\n\n\n\n<p>Aquest \u00faltim acord ha suposat la modificaci\u00f3 de l&#8217;Ordenan\u00e7a Reguladora de la Taxa de Serveis Ambientals, que a m\u00e9s dels avantatges del meu Compte Ambiental per participar en la recollida de la xarxa d&#8217;Ecoparcs, ara inclou una bonificaci\u00f3 m\u00ednima de 9 euros per rebut als participants en el programa de compostatge dom\u00e8stic del CVI a trav\u00e9s de l&#8217;APP EcoCompostaje, aix\u00ed com a les persones que participen en algun projecte de recollida separada municipal amb identificaci\u00f3 i registre d&#8217;aportacions.<br>En l&#8217;assemblea tamb\u00e9 s&#8217;ha adonat dels corresponents informes de control de morositat i de per\u00edode mitj\u00e0 de pagament dels \u00faltims trimestres en compliment de la normativa.<\/p>\n\n\n\n<p><\/p>\n","protected":false},"excerpt":{"rendered":"<div class=\"mh-excerpt\">L&#8217;increment general dels preus i l&#8217;evoluci\u00f3 de la generaci\u00f3 de residus comporten un augment en el cost dels serveis a prestar L&#8217;Assemblea General del Consorci Val\u00e8ncia Interior (CVI) ha aprovat hui els pressupostos econ\u00f2mics per <a class=\"mh-excerpt-more\" href=\"https:\/\/www.tucomarca.com\/wordpress\/segunda\/ca\/el-consorci-valencia-interior-aprova-el-seu-pressupost-corresponent-per-a-2023-per-mes-de-23-milions-deuros\/\" title=\"El Consorci Val\u00e8ncia Interior aprova el seu pressupost corresponent per a 2023 per m\u00e9s de 23 milions d&#8217;euros\">[+] <\/a><\/div>\n","protected":false},"author":12,"featured_media":174858,"comment_status":"open","ping_status":"open","sticky":false,"template":"","format":"standard","meta":{"footnotes":""},"categories":[10890,10951,10892,11046,10898,10948,10894,10904,10912,10903,10947,10909,10896],"tags":[10899,10914,11928,10910,12039],"class_list":{"0":"post-174859","1":"post","2":"type-post","3":"status-publish","4":"format-standard","5":"has-post-thumbnail","7":"category-ademus","8":"category-ayora-cofrentes-ca","9":"category-camp-de-turia-ca","10":"category-los-serranos-ca","11":"category-ventana-ca","12":"category-infraestructuras-ca","13":"category-la-comarca-ca","14":"category-sin-categorizar-ca","15":"category-la-hoya-ca","16":"category-medio-ambiente-la-comarca-ca","17":"category-politica","18":"category-requena-utiel-ca","19":"category-seccion-ca","20":"tag-camp-de-turia-ca","21":"tag-la-hoya-de-bunol-chiva-ca","22":"tag-la-serrania-ca","23":"tag-requena-utiel-ca","24":"tag-rincon-de-ademuz-ca"},"_links":{"self":[{"href":"https:\/\/www.tucomarca.com\/wordpress\/segunda\/ca\/wp-json\/wp\/v2\/posts\/174859","targetHints":{"allow":["GET"]}}],"collection":[{"href":"https:\/\/www.tucomarca.com\/wordpress\/segunda\/ca\/wp-json\/wp\/v2\/posts"}],"about":[{"href":"https:\/\/www.tucomarca.com\/wordpress\/segunda\/ca\/wp-json\/wp\/v2\/types\/post"}],"author":[{"embeddable":true,"href":"https:\/\/www.tucomarca.com\/wordpress\/segunda\/ca\/wp-json\/wp\/v2\/users\/12"}],"replies":[{"embeddable":true,"href":"https:\/\/www.tucomarca.com\/wordpress\/segunda\/ca\/wp-json\/wp\/v2\/comments?post=174859"}],"version-history":[{"count":0,"href":"https:\/\/www.tucomarca.com\/wordpress\/segunda\/ca\/wp-json\/wp\/v2\/posts\/174859\/revisions"}],"wp:featuredmedia":[{"embeddable":true,"href":"https:\/\/www.tucomarca.com\/wordpress\/segunda\/ca\/wp-json\/wp\/v2\/media\/174858"}],"wp:attachment":[{"href":"https:\/\/www.tucomarca.com\/wordpress\/segunda\/ca\/wp-json\/wp\/v2\/media?parent=174859"}],"wp:term":[{"taxonomy":"category","embeddable":true,"href":"https:\/\/www.tucomarca.com\/wordpress\/segunda\/ca\/wp-json\/wp\/v2\/categories?post=174859"},{"taxonomy":"post_tag","embeddable":true,"href":"https:\/\/www.tucomarca.com\/wordpress\/segunda\/ca\/wp-json\/wp\/v2\/tags?post=174859"}],"curies":[{"name":"wp","href":"https:\/\/api.w.org\/{rel}","templated":true}]}}